{"id":29469,"date":"2023-11-30T18:32:16","date_gmt":"2023-11-30T17:32:16","guid":{"rendered":"https:\/\/glazbena.hr\/?p=29469"},"modified":"2023-12-29T18:35:02","modified_gmt":"2023-12-29T17:35:02","slug":"zagreb-piano-duo-festival","status":"publish","type":"post","link":"https:\/\/glazbena.hr\/gb\/activity\/zagreb-piano-duo-festival\/","title":{"rendered":"Zagreb Piano Duo Festival"},"content":{"rendered":"<p>Na poziv utemeljiteljica Zagreba\u010dkog festivala klavirskih dua, pijanistica Kosjenke Turkulin i Ive Ljubi\u010di\u0107 Luki\u0107 na\u0161i nastavnici Lea i Predrag \u0160antek, koji ve\u0107 dugi niz godina odgajaju generacije u\u010denika prenose\u0107i im svoju ljubav, znanje i iskustvo, zajedno s u\u010denicima te biv\u0161im u\u010denicima, a sada kolegama nastupili su 23. listopada 2023. godine u 19.30 sati u KUC-u Travno u Zagrebu na 3. festivalskoj ve\u010deri sviraju\u0107i u razli\u010ditim sastavima skladbe za 4, 5, 6 i 8 ruku.<\/p>\n<p>Kroz \u0161arolik vi\u0161eru\u010dni program naziva Happy Piano Family darovali su publici pravo malo veselo glazbeno putovanje pro\u017eeto entuzijazmom, optimizmom i dobrom zabavom koje slavi ljubav prema klaviru i glazbi, komornom muziciranju i kontinuiranom u\u010denju, njeguju\u0107i ne samo suradni\u010dke odnose i partnerstvo u poslu ve\u0107 u\u010diteljsko-u\u010deni\u010dku povezanost koja prerasta u cjelo\u017eivotno prijateljstvo.<\/p>\n<p>&nbsp;<\/p>\n<p>A. Schnittke, (obr.B. P\u00f6lhe prema obradi F. Strobela): \u201cClowns and Kids\u201d, l. Title Music, III. Acrobats<\/p>\n<p><strong>Lucija Turk, 2.s., Petra Krajnik, 3.s., Ivan Juranko, 2.s., Jan Borak, 2.s.<\/strong><\/p>\n<p>A. Terzibaschitsch: Mitternachtstango<\/p>\n<p><strong>Dora \u0160incek, 1.o. i Sara Kos, 2.o.<\/strong><\/p>\n<p>A. Piazzolla (obr. R. Vinciguerra): Libertango<\/p>\n<p>D. Agay: Mala rapsodija na ma\u0111arske teme<\/p>\n<p><strong>Janko Lazar, 3.o. i Filip Jaklin, 3.o.<\/strong><\/p>\n<p>G. Piazza: Tre per due br. 6, Dolce Vita\/ Felliniana<\/p>\n<p><strong>Lucija Turk, 2.s., Petra Krajnik, 3.s. i Klara Jambro\u0161i\u0107 Barnjak, 3.s.<\/strong><\/p>\n<p>A. Tansman: En tournant la T.S.F.,<\/p>\n<p>Radio Espagne, Radio France, Radio Italie<\/p>\n<p><strong>Martin Domanovac, 1.s. i Martin Antolovi\u0107, 1.s.<\/strong><\/p>\n<p>E. Elgar: Salut d\u2019amour<\/p>\n<p><strong>Predrag \u0160antek i Lea \u0160antek<\/strong><\/p>\n<p>M. Cornick: Baroque to the Blues<\/p>\n<p>M. Cornick: Anyone for Tennis?<\/p>\n<p><strong>Lucija \u010cehok, 4.s., Hana \u0160iroki, 4.s. i Paula Malba\u0161i\u0107, 2.s.<\/strong><\/p>\n<p>M. Cornick: Dreaming of Rio i The Big Ship Sails on the Alley-Alley-O, za 5 lijevih ruku,<\/p>\n<p><strong>Lea \u0160antek, Helena Herman, Mia Mihali\u0107, Predrag \u0160antek i David Vukovi\u0107<\/strong><\/p>\n","protected":false},"excerpt":{"rendered":"<p>Na poziv utemeljiteljica Zagreba\u010dkog festivala klavirskih dua, pijanistica Kosjenke Turkulin i Ive Ljubi\u010di\u0107 Luki\u0107 na\u0161i nastavnici Lea i Predrag \u0160antek, koji ve\u0107 dugi niz godina odgajaju generacije u\u010denika prenose\u0107i im svoju ljubav, znanje i iskustvo, zajedno s u\u010denicima te biv\u0161im u\u010denicima, a sada kolegama nastupili su 23. listopada 2023. godine u 19.30 sati u KUC-u [&hellip;]<\/p>\n","protected":false},"author":5,"featured_media":0,"comment_status":"closed","ping_status":"closed","sticky":false,"template":"","format":"standard","meta":{"footnotes":""},"categories":[70],"tags":[],"class_list":["post-29469","post","type-post","status-publish","format-standard","hentry","category-aktivnosti"],"translation":{"provider":"WPGlobus","version":"3.0.0","language":"gb","enabled_languages":["hr","gb"],"languages":{"hr":{"title":true,"content":true,"excerpt":false},"gb":{"title":false,"content":false,"excerpt":false}}},"_links":{"self":[{"href":"https:\/\/glazbena.hr\/gb\/wp-json\/wp\/v2\/posts\/29469","targetHints":{"allow":["GET"]}}],"collection":[{"href":"https:\/\/glazbena.hr\/gb\/wp-json\/wp\/v2\/posts"}],"about":[{"href":"https:\/\/glazbena.hr\/gb\/wp-json\/wp\/v2\/types\/post"}],"author":[{"embeddable":true,"href":"https:\/\/glazbena.hr\/gb\/wp-json\/wp\/v2\/users\/5"}],"replies":[{"embeddable":true,"href":"https:\/\/glazbena.hr\/gb\/wp-json\/wp\/v2\/comments?post=29469"}],"version-history":[{"count":2,"href":"https:\/\/glazbena.hr\/gb\/wp-json\/wp\/v2\/posts\/29469\/revisions"}],"predecessor-version":[{"id":29471,"href":"https:\/\/glazbena.hr\/gb\/wp-json\/wp\/v2\/posts\/29469\/revisions\/29471"}],"wp:attachment":[{"href":"https:\/\/glazbena.hr\/gb\/wp-json\/wp\/v2\/media?parent=29469"}],"wp:term":[{"taxonomy":"category","embeddable":true,"href":"https:\/\/glazbena.hr\/gb\/wp-json\/wp\/v2\/categories?post=29469"},{"taxonomy":"post_tag","embeddable":true,"href":"https:\/\/glazbena.hr\/gb\/wp-json\/wp\/v2\/tags?post=29469"}],"curies":[{"name":"wp","href":"https:\/\/api.w.org\/{rel}","templated":true}]}}