{"id":29485,"date":"2023-12-06T18:44:21","date_gmt":"2023-12-06T17:44:21","guid":{"rendered":"https:\/\/glazbena.hr\/?p=29485"},"modified":"2023-12-29T18:46:13","modified_gmt":"2023-12-29T17:46:13","slug":"piano-in-the-sky-1-koncert","status":"publish","type":"post","link":"https:\/\/glazbena.hr\/gb\/activity\/piano-in-the-sky-1-koncert\/","title":{"rendered":"Piano in the Sky, 1. koncert"},"content":{"rendered":"<p>U srijedu 22. studenoga 2023. godine odr\u017ean je prvi koncert projekta Piano in the Sky u \u0161k. god. 2023.\/2024. Koncert je odr\u017ean u suradnji s OG\u0160 Ivana Zajc iz Zagreba i profesoricom Svetlanom Reli\u0107, prof. savjetnik pa se tako sviralo i u Zagrebu i u Vara\u017edinu, a zajedni\u010dko muziciranje i podr\u0161ka s obje strane dolazila je preko platforme Google Meet. Ovim online koncertom prisjetili smo se vremena Covid pandemije i online koncerata, a i izvo\u0111a\u010di i publika slo\u017eni su u tome koliko su koncerti u\u017eivo bolji i svima dra\u017ei. Unato\u010d kratkom prekidu veze i ponekom \u010cujemo li se??, i publika i izvo\u0111a\u010di jednako su u\u017eivali u koncertu.<\/p>\n<p>Nastupili su:<\/p>\n<p>\u2055 Tena Kne\u017eevi\u0107, 2.o.<\/p>\n<p>\u2055 Rajna Kruljac, 2.o.<\/p>\n<p>\u2055 Marija Nagli\u0107, 2.o.<\/p>\n<p>\u2055 Zrinka Tomi\u0107, 4.o.<\/p>\n<p>\u2055 Mara Bajevi\u0107, 4.o.<\/p>\n<p>\u2055 Mia Bedek, 6.o.<\/p>\n<p>iz OG\u0160 Ivana Zajca, Zagreb<\/p>\n<p>i<\/p>\n<p>\u2055 Dina Vincek, mala \u0161kola klavira<\/p>\n<p>\u2055 Sara Pozder, 1.o.<\/p>\n<p>\u2055 Filip Jaklin, 3.o.<\/p>\n<p>\u2055 Benjamin Lipovac, 4.o., PO Vara\u017edinske Toplice<\/p>\n<p>\u2055 Paula Ko\u0161\u0107ak, 5.o., PO Vara\u017edinske Toplice<\/p>\n<p>\u2055 Paula Malba\u0161i\u0107, 2.s.,<\/p>\n<p>\u2055 Hana \u0160iroki, 4.s<\/p>\n<p>\u2055 Lucija \u010cehok, 4.s.<\/p>\n<p>iz Glazbene \u0161kole u Vara\u017edinu.<\/p>\n<p>Za ovaj koncert u\u010denike su pripremile voditeljice projekta Svetlana Reli\u0107, prof. savjetnik i Lea \u0160antek, prof. savjetnik, a kao gosti sudjelovali su i Helena Herman, mag. mus. te njezina u\u010denica Dina Vincek koja poha\u0111a novootvoreni pred\u0161kolski program Mala \u0161kola klavira, Zoran Resnik \u010dija je u\u010denica Paula Malba\u0161i\u0107 izvela skladbu na violon\u010delu te Predrag \u0160antek i u\u010denica prva\u0161ica Sara Pozder.<\/p>\n","protected":false},"excerpt":{"rendered":"<p>U srijedu 22. studenoga 2023. godine odr\u017ean je prvi koncert projekta Piano in the Sky u \u0161k. god. 2023.\/2024. Koncert je odr\u017ean u suradnji s OG\u0160 Ivana Zajc iz Zagreba i profesoricom Svetlanom Reli\u0107, prof. savjetnik pa se tako sviralo i u Zagrebu i u Vara\u017edinu, a zajedni\u010dko muziciranje i podr\u0161ka s obje strane dolazila [&hellip;]<\/p>\n","protected":false},"author":5,"featured_media":0,"comment_status":"closed","ping_status":"closed","sticky":false,"template":"","format":"standard","meta":{"footnotes":""},"categories":[70],"tags":[],"class_list":["post-29485","post","type-post","status-publish","format-standard","hentry","category-aktivnosti"],"translation":{"provider":"WPGlobus","version":"3.0.0","language":"gb","enabled_languages":["hr","gb"],"languages":{"hr":{"title":true,"content":true,"excerpt":false},"gb":{"title":false,"content":false,"excerpt":false}}},"_links":{"self":[{"href":"https:\/\/glazbena.hr\/gb\/wp-json\/wp\/v2\/posts\/29485","targetHints":{"allow":["GET"]}}],"collection":[{"href":"https:\/\/glazbena.hr\/gb\/wp-json\/wp\/v2\/posts"}],"about":[{"href":"https:\/\/glazbena.hr\/gb\/wp-json\/wp\/v2\/types\/post"}],"author":[{"embeddable":true,"href":"https:\/\/glazbena.hr\/gb\/wp-json\/wp\/v2\/users\/5"}],"replies":[{"embeddable":true,"href":"https:\/\/glazbena.hr\/gb\/wp-json\/wp\/v2\/comments?post=29485"}],"version-history":[{"count":2,"href":"https:\/\/glazbena.hr\/gb\/wp-json\/wp\/v2\/posts\/29485\/revisions"}],"predecessor-version":[{"id":29487,"href":"https:\/\/glazbena.hr\/gb\/wp-json\/wp\/v2\/posts\/29485\/revisions\/29487"}],"wp:attachment":[{"href":"https:\/\/glazbena.hr\/gb\/wp-json\/wp\/v2\/media?parent=29485"}],"wp:term":[{"taxonomy":"category","embeddable":true,"href":"https:\/\/glazbena.hr\/gb\/wp-json\/wp\/v2\/categories?post=29485"},{"taxonomy":"post_tag","embeddable":true,"href":"https:\/\/glazbena.hr\/gb\/wp-json\/wp\/v2\/tags?post=29485"}],"curies":[{"name":"wp","href":"https:\/\/api.w.org\/{rel}","templated":true}]}}