{"id":29509,"date":"2023-12-30T07:53:43","date_gmt":"2023-12-30T06:53:43","guid":{"rendered":"https:\/\/glazbena.hr\/?p=29509"},"modified":"2023-12-30T07:56:49","modified_gmt":"2023-12-30T06:56:49","slug":"barcelona-la-musica-vibro-y-ella-nos-unio-erasmus-projekt-glazbene-skole-u-varazdinu","status":"publish","type":"post","link":"https:\/\/glazbena.hr\/gb\/erasmus-plus\/barcelona-la-musica-vibro-y-ella-nos-unio-erasmus-projekt-glazbene-skole-u-varazdinu\/","title":{"rendered":"\u201eBarcelona, la musica vibro y ella nos unio\u201c &#8211; Erasmus+ projekt Glazbene \u0161kole u Vara\u017edinu"},"content":{"rendered":"<p>Glazbena \u0161kola u Vara\u017edinu od svog osnutka ima vrlo va\u017enu ulogu ne samo kao obrazovna ustanova specijalizirana za podu\u010davanje, prou\u010davanje, usavr\u0161avanje i istra\u017eivanje glazbe, ve\u0107 i kao kulturno sredi\u0161te Vara\u017edina i Vara\u017edinske \u017eupanije, a prava kultura bez glazbe ne mo\u017ee se zamisliti. Ovaj mjesec, 12 u\u010denika vi\u0161ih razreda srednje glazbene \u0161kole u pratnji 2 nastavnice boravilo je na mobilnosti u Barceloni u okviru realizacije Erasmus+ projekta. U\u010denici su tijekom svog boravka u \u0160panjolskoj bili u mogu\u0107nosti upoznati i sudjelovati u radu glazbene \u0161kole IEA Oriol Martorell.<br \/>\nU\u010denici Glazbene \u0161kole u Vara\u017edinu boravkom u Barceloni dobili su priliku upoznati kulturu, obi\u010daje i radnu etiku ove dr\u017eave zapadne Europe, koja je kroz svoju bogatu povijest iznjedrila mnoge slavne umjetnike. Kako je ravnatelj Glazbene \u0161kole u Vara\u017edinu Davor Mata\u010di\u0107 istaknuo \u201esmatram kako su u\u010denici u okviru ove mobilnosti stekli mogu\u0107nost ostvariti i pro\u0161iriti svoje znanje i kompetencije. Ovog puta, \u017eelja nam je bila da projektom stavimo poseban naglasak na izvedbenu aktivnost u\u010denika. Stoga su aktivnosti u\u010denika, uz redovito poha\u0111anje nastave, uklju\u010divale i aktivnosti koje uklju\u010duju pripreme za koncert, odlazak na komornu nastavu, produkcije, sekcijske probe, generalne probe i u kona\u010dnici sudjelovanje na koncertu. A upravo je njihovo sudjelovanje na zavr\u0161nom, bo\u017ei\u0107nom koncertu &#8211; El Concert Participatiu, pokazalo da nas glazba doista sve ujedinjuje, kako govori i sam naziv na\u0161eg projekta.\u201c<br \/>\nZa vrijeme svog boravka u Barceloni, uz redovno poha\u0111anje nastave u \u0161koli, u\u010denici su imali priliku posjetiti vi\u0161e razli\u010ditih kulturnih doga\u0111anja, sudjelovati na koncertima, ali i upoznati kulturne znamenitosti Barcelone. Glavni grad Katalonije, prepun \u017eivota i nepresu\u0161ne, pozitivne energije poznat pod nazivom \u201cSjevernja\u010dki grad na jugu\u201d, grad predivnih \u010detvrti, \u010duvene La Ramble i bogate Gaudijeve ostav\u0161tine odu\u0161evio je u\u010denike Glazbene \u0161kole u Vara\u017edinu te je ve\u0107ina njih odmah po povratku izrazila svoju \u017eelju za skorim povratkom. Posljednjeg dana mobilnost, u\u010denici su imali priliku sudjelovati na tradicionalnom koncertu, El Concert Participatiu, na kojem svake godine uz u\u010denike i nastavnike glazbene \u0161kole IEA Oriol Martorell sudjeluju i alumni \u0161kole, ali i roditelji u\u010denika, doprinose\u0107i tako posebnom ugo\u0111aju.<br \/>\nIako se jo\u0161 nisu ni slegli svi dojmovi nakon dvotjednog boravka na mobilnosti u kojoj su sudjelovali u\u010denici srednje Glazbene \u0161kole u Vara\u017edinu, s velikim nestrpljenjem o\u010dekujemo najavljeni video koji su u\u010denici snimili tijekom svog boravka u \u0160panjolskoj.<\/p>\n<p><img loading=\"lazy\" decoding=\"async\" class=\"alignnone size-medium wp-image-29510\" src=\"https:\/\/glazbena.hr\/wp-content\/uploads\/2023\/12\/Barcelona_Erasmus_2023-34-300x179.jpg\" alt=\"\" width=\"300\" height=\"179\" srcset=\"https:\/\/glazbena.hr\/wp-content\/uploads\/2023\/12\/Barcelona_Erasmus_2023-34-300x179.jpg 300w, https:\/\/glazbena.hr\/wp-content\/uploads\/2023\/12\/Barcelona_Erasmus_2023-34-1024x612.jpg 1024w, https:\/\/glazbena.hr\/wp-content\/uploads\/2023\/12\/Barcelona_Erasmus_2023-34-768x459.jpg 768w, https:\/\/glazbena.hr\/wp-content\/uploads\/2023\/12\/Barcelona_Erasmus_2023-34-1536x919.jpg 1536w, https:\/\/glazbena.hr\/wp-content\/uploads\/2023\/12\/Barcelona_Erasmus_2023-34.jpg 1600w\" sizes=\"auto, (max-width: 300px) 100vw, 300px\" \/> <img loading=\"lazy\" decoding=\"async\" class=\"alignnone size-medium wp-image-29511\" src=\"https:\/\/glazbena.hr\/wp-content\/uploads\/2023\/12\/Barcelona_Erasmus_2023-38-300x179.jpg\" alt=\"\" width=\"300\" height=\"179\" srcset=\"https:\/\/glazbena.hr\/wp-content\/uploads\/2023\/12\/Barcelona_Erasmus_2023-38-300x179.jpg 300w, https:\/\/glazbena.hr\/wp-content\/uploads\/2023\/12\/Barcelona_Erasmus_2023-38-1024x612.jpg 1024w, https:\/\/glazbena.hr\/wp-content\/uploads\/2023\/12\/Barcelona_Erasmus_2023-38-768x459.jpg 768w, https:\/\/glazbena.hr\/wp-content\/uploads\/2023\/12\/Barcelona_Erasmus_2023-38-1536x919.jpg 1536w, https:\/\/glazbena.hr\/wp-content\/uploads\/2023\/12\/Barcelona_Erasmus_2023-38.jpg 1600w\" sizes=\"auto, (max-width: 300px) 100vw, 300px\" \/> <img loading=\"lazy\" decoding=\"async\" class=\"alignnone size-medium wp-image-29512\" src=\"https:\/\/glazbena.hr\/wp-content\/uploads\/2023\/12\/Barcelona_Erasmus_2023-44-1-300x180.jpg\" alt=\"\" width=\"300\" height=\"180\" srcset=\"https:\/\/glazbena.hr\/wp-content\/uploads\/2023\/12\/Barcelona_Erasmus_2023-44-1-300x180.jpg 300w, https:\/\/glazbena.hr\/wp-content\/uploads\/2023\/12\/Barcelona_Erasmus_2023-44-1-1024x616.jpg 1024w, https:\/\/glazbena.hr\/wp-content\/uploads\/2023\/12\/Barcelona_Erasmus_2023-44-1-768x462.jpg 768w, https:\/\/glazbena.hr\/wp-content\/uploads\/2023\/12\/Barcelona_Erasmus_2023-44-1-1536x924.jpg 1536w, https:\/\/glazbena.hr\/wp-content\/uploads\/2023\/12\/Barcelona_Erasmus_2023-44-1.jpg 1600w\" sizes=\"auto, (max-width: 300px) 100vw, 300px\" \/> <img loading=\"lazy\" decoding=\"async\" class=\"alignnone size-medium wp-image-29513\" src=\"https:\/\/glazbena.hr\/wp-content\/uploads\/2023\/12\/Barcelona_Erasmus_2023-46-1-300x180.jpg\" alt=\"\" width=\"300\" height=\"180\" srcset=\"https:\/\/glazbena.hr\/wp-content\/uploads\/2023\/12\/Barcelona_Erasmus_2023-46-1-300x180.jpg 300w, https:\/\/glazbena.hr\/wp-content\/uploads\/2023\/12\/Barcelona_Erasmus_2023-46-1-1024x616.jpg 1024w, https:\/\/glazbena.hr\/wp-content\/uploads\/2023\/12\/Barcelona_Erasmus_2023-46-1-768x462.jpg 768w, https:\/\/glazbena.hr\/wp-content\/uploads\/2023\/12\/Barcelona_Erasmus_2023-46-1-1536x924.jpg 1536w, https:\/\/glazbena.hr\/wp-content\/uploads\/2023\/12\/Barcelona_Erasmus_2023-46-1.jpg 1600w\" sizes=\"auto, (max-width: 300px) 100vw, 300px\" \/> <img loading=\"lazy\" decoding=\"async\" class=\"alignnone size-medium wp-image-29514\" src=\"https:\/\/glazbena.hr\/wp-content\/uploads\/2023\/12\/Barcelona_Erasmus_2023-52-300x203.jpg\" alt=\"\" width=\"300\" height=\"203\" srcset=\"https:\/\/glazbena.hr\/wp-content\/uploads\/2023\/12\/Barcelona_Erasmus_2023-52-300x203.jpg 300w, https:\/\/glazbena.hr\/wp-content\/uploads\/2023\/12\/Barcelona_Erasmus_2023-52-1024x694.jpg 1024w, https:\/\/glazbena.hr\/wp-content\/uploads\/2023\/12\/Barcelona_Erasmus_2023-52-768x520.jpg 768w, https:\/\/glazbena.hr\/wp-content\/uploads\/2023\/12\/Barcelona_Erasmus_2023-52-1536x1041.jpg 1536w, https:\/\/glazbena.hr\/wp-content\/uploads\/2023\/12\/Barcelona_Erasmus_2023-52.jpg 1600w\" sizes=\"auto, (max-width: 300px) 100vw, 300px\" \/> <img loading=\"lazy\" decoding=\"async\" class=\"alignnone size-medium wp-image-29515\" src=\"https:\/\/glazbena.hr\/wp-content\/uploads\/2023\/12\/Barcelona_Erasmus_2023-58-300x167.jpg\" alt=\"\" width=\"300\" height=\"167\" srcset=\"https:\/\/glazbena.hr\/wp-content\/uploads\/2023\/12\/Barcelona_Erasmus_2023-58-300x167.jpg 300w, https:\/\/glazbena.hr\/wp-content\/uploads\/2023\/12\/Barcelona_Erasmus_2023-58-1024x570.jpg 1024w, https:\/\/glazbena.hr\/wp-content\/uploads\/2023\/12\/Barcelona_Erasmus_2023-58-768x427.jpg 768w, https:\/\/glazbena.hr\/wp-content\/uploads\/2023\/12\/Barcelona_Erasmus_2023-58-1536x854.jpg 1536w, https:\/\/glazbena.hr\/wp-content\/uploads\/2023\/12\/Barcelona_Erasmus_2023-58.jpg 1600w\" sizes=\"auto, (max-width: 300px) 100vw, 300px\" \/> <img loading=\"lazy\" decoding=\"async\" class=\"alignnone size-medium wp-image-29516\" src=\"https:\/\/glazbena.hr\/wp-content\/uploads\/2023\/12\/Barcelona_Erasmus_2023-71-300x178.jpg\" alt=\"\" width=\"300\" height=\"178\" srcset=\"https:\/\/glazbena.hr\/wp-content\/uploads\/2023\/12\/Barcelona_Erasmus_2023-71-300x178.jpg 300w, https:\/\/glazbena.hr\/wp-content\/uploads\/2023\/12\/Barcelona_Erasmus_2023-71-1024x608.jpg 1024w, https:\/\/glazbena.hr\/wp-content\/uploads\/2023\/12\/Barcelona_Erasmus_2023-71-768x456.jpg 768w, https:\/\/glazbena.hr\/wp-content\/uploads\/2023\/12\/Barcelona_Erasmus_2023-71-1536x912.jpg 1536w, https:\/\/glazbena.hr\/wp-content\/uploads\/2023\/12\/Barcelona_Erasmus_2023-71.jpg 1600w\" sizes=\"auto, (max-width: 300px) 100vw, 300px\" \/> <img loading=\"lazy\" decoding=\"async\" class=\"alignnone size-medium wp-image-29517\" src=\"https:\/\/glazbena.hr\/wp-content\/uploads\/2023\/12\/Barcelona_Erasmus_2023-81-300x171.jpg\" alt=\"\" width=\"300\" height=\"171\" srcset=\"https:\/\/glazbena.hr\/wp-content\/uploads\/2023\/12\/Barcelona_Erasmus_2023-81-300x171.jpg 300w, https:\/\/glazbena.hr\/wp-content\/uploads\/2023\/12\/Barcelona_Erasmus_2023-81-1024x585.jpg 1024w, https:\/\/glazbena.hr\/wp-content\/uploads\/2023\/12\/Barcelona_Erasmus_2023-81-768x439.jpg 768w, https:\/\/glazbena.hr\/wp-content\/uploads\/2023\/12\/Barcelona_Erasmus_2023-81-1536x877.jpg 1536w, https:\/\/glazbena.hr\/wp-content\/uploads\/2023\/12\/Barcelona_Erasmus_2023-81.jpg 1600w\" sizes=\"auto, (max-width: 300px) 100vw, 300px\" \/> <img loading=\"lazy\" decoding=\"async\" class=\"alignnone size-medium wp-image-29518\" src=\"https:\/\/glazbena.hr\/wp-content\/uploads\/2023\/12\/Barcelona_Erasmus_2023-85-300x177.jpg\" alt=\"\" width=\"300\" height=\"177\" srcset=\"https:\/\/glazbena.hr\/wp-content\/uploads\/2023\/12\/Barcelona_Erasmus_2023-85-300x177.jpg 300w, https:\/\/glazbena.hr\/wp-content\/uploads\/2023\/12\/Barcelona_Erasmus_2023-85-1024x604.jpg 1024w, https:\/\/glazbena.hr\/wp-content\/uploads\/2023\/12\/Barcelona_Erasmus_2023-85-768x453.jpg 768w, https:\/\/glazbena.hr\/wp-content\/uploads\/2023\/12\/Barcelona_Erasmus_2023-85-1536x905.jpg 1536w, https:\/\/glazbena.hr\/wp-content\/uploads\/2023\/12\/Barcelona_Erasmus_2023-85.jpg 1600w\" sizes=\"auto, (max-width: 300px) 100vw, 300px\" \/> <img loading=\"lazy\" decoding=\"async\" class=\"alignnone size-medium wp-image-29519\" src=\"https:\/\/glazbena.hr\/wp-content\/uploads\/2023\/12\/Barcelona_Erasmus_2023-96-300x196.jpg\" alt=\"\" width=\"300\" height=\"196\" srcset=\"https:\/\/glazbena.hr\/wp-content\/uploads\/2023\/12\/Barcelona_Erasmus_2023-96-300x196.jpg 300w, https:\/\/glazbena.hr\/wp-content\/uploads\/2023\/12\/Barcelona_Erasmus_2023-96-1024x669.jpg 1024w, https:\/\/glazbena.hr\/wp-content\/uploads\/2023\/12\/Barcelona_Erasmus_2023-96-768x502.jpg 768w, https:\/\/glazbena.hr\/wp-content\/uploads\/2023\/12\/Barcelona_Erasmus_2023-96-1536x1004.jpg 1536w, https:\/\/glazbena.hr\/wp-content\/uploads\/2023\/12\/Barcelona_Erasmus_2023-96.jpg 1600w\" sizes=\"auto, (max-width: 300px) 100vw, 300px\" \/> <img loading=\"lazy\" decoding=\"async\" class=\"alignnone size-medium wp-image-29520\" src=\"https:\/\/glazbena.hr\/wp-content\/uploads\/2023\/12\/Barcelona_Erasmus_2023-135-300x172.jpg\" alt=\"\" width=\"300\" height=\"172\" srcset=\"https:\/\/glazbena.hr\/wp-content\/uploads\/2023\/12\/Barcelona_Erasmus_2023-135-300x172.jpg 300w, https:\/\/glazbena.hr\/wp-content\/uploads\/2023\/12\/Barcelona_Erasmus_2023-135-1024x588.jpg 1024w, https:\/\/glazbena.hr\/wp-content\/uploads\/2023\/12\/Barcelona_Erasmus_2023-135-768x441.jpg 768w, https:\/\/glazbena.hr\/wp-content\/uploads\/2023\/12\/Barcelona_Erasmus_2023-135-1536x882.jpg 1536w, https:\/\/glazbena.hr\/wp-content\/uploads\/2023\/12\/Barcelona_Erasmus_2023-135.jpg 1600w\" sizes=\"auto, (max-width: 300px) 100vw, 300px\" \/> <img loading=\"lazy\" decoding=\"async\" class=\"alignnone size-medium wp-image-29521\" src=\"https:\/\/glazbena.hr\/wp-content\/uploads\/2023\/12\/Barcelona_Erasmus_2023-146-300x200.jpg\" alt=\"\" width=\"300\" height=\"200\" srcset=\"https:\/\/glazbena.hr\/wp-content\/uploads\/2023\/12\/Barcelona_Erasmus_2023-146-300x200.jpg 300w, https:\/\/glazbena.hr\/wp-content\/uploads\/2023\/12\/Barcelona_Erasmus_2023-146-1024x682.jpg 1024w, https:\/\/glazbena.hr\/wp-content\/uploads\/2023\/12\/Barcelona_Erasmus_2023-146-768x511.jpg 768w, https:\/\/glazbena.hr\/wp-content\/uploads\/2023\/12\/Barcelona_Erasmus_2023-146-1536x1022.jpg 1536w, https:\/\/glazbena.hr\/wp-content\/uploads\/2023\/12\/Barcelona_Erasmus_2023-146.jpg 1600w\" sizes=\"auto, (max-width: 300px) 100vw, 300px\" \/> <img loading=\"lazy\" decoding=\"async\" class=\"alignnone size-medium wp-image-29522\" src=\"https:\/\/glazbena.hr\/wp-content\/uploads\/2023\/12\/Barcelona_Erasmus_2023-149-300x177.jpg\" alt=\"\" width=\"300\" height=\"177\" srcset=\"https:\/\/glazbena.hr\/wp-content\/uploads\/2023\/12\/Barcelona_Erasmus_2023-149-300x177.jpg 300w, https:\/\/glazbena.hr\/wp-content\/uploads\/2023\/12\/Barcelona_Erasmus_2023-149-1024x605.jpg 1024w, https:\/\/glazbena.hr\/wp-content\/uploads\/2023\/12\/Barcelona_Erasmus_2023-149-768x454.jpg 768w, https:\/\/glazbena.hr\/wp-content\/uploads\/2023\/12\/Barcelona_Erasmus_2023-149-1536x907.jpg 1536w, https:\/\/glazbena.hr\/wp-content\/uploads\/2023\/12\/Barcelona_Erasmus_2023-149.jpg 1600w\" sizes=\"auto, (max-width: 300px) 100vw, 300px\" \/><\/p>\n","protected":false},"excerpt":{"rendered":"<p>Glazbena \u0161kola u Vara\u017edinu od svog osnutka ima vrlo va\u017enu ulogu ne samo kao obrazovna ustanova specijalizirana za podu\u010davanje, prou\u010davanje, usavr\u0161avanje i istra\u017eivanje glazbe, ve\u0107 i kao kulturno sredi\u0161te Vara\u017edina i Vara\u017edinske \u017eupanije, a prava kultura bez glazbe ne mo\u017ee se zamisliti. Ovaj mjesec, 12 u\u010denika vi\u0161ih razreda srednje glazbene \u0161kole u pratnji 2 nastavnice [&hellip;]<\/p>\n","protected":false},"author":5,"featured_media":0,"comment_status":"closed","ping_status":"closed","sticky":false,"template":"","format":"standard","meta":{"footnotes":""},"categories":[83],"tags":[],"class_list":["post-29509","post","type-post","status-publish","format-standard","hentry","category-erasmus-plus"],"translation":{"provider":"WPGlobus","version":"3.0.0","language":"gb","enabled_languages":["hr","gb"],"languages":{"hr":{"title":true,"content":true,"excerpt":false},"gb":{"title":false,"content":false,"excerpt":false}}},"_links":{"self":[{"href":"https:\/\/glazbena.hr\/gb\/wp-json\/wp\/v2\/posts\/29509","targetHints":{"allow":["GET"]}}],"collection":[{"href":"https:\/\/glazbena.hr\/gb\/wp-json\/wp\/v2\/posts"}],"about":[{"href":"https:\/\/glazbena.hr\/gb\/wp-json\/wp\/v2\/types\/post"}],"author":[{"embeddable":true,"href":"https:\/\/glazbena.hr\/gb\/wp-json\/wp\/v2\/users\/5"}],"replies":[{"embeddable":true,"href":"https:\/\/glazbena.hr\/gb\/wp-json\/wp\/v2\/comments?post=29509"}],"version-history":[{"count":2,"href":"https:\/\/glazbena.hr\/gb\/wp-json\/wp\/v2\/posts\/29509\/revisions"}],"predecessor-version":[{"id":29524,"href":"https:\/\/glazbena.hr\/gb\/wp-json\/wp\/v2\/posts\/29509\/revisions\/29524"}],"wp:attachment":[{"href":"https:\/\/glazbena.hr\/gb\/wp-json\/wp\/v2\/media?parent=29509"}],"wp:term":[{"taxonomy":"category","embeddable":true,"href":"https:\/\/glazbena.hr\/gb\/wp-json\/wp\/v2\/categories?post=29509"},{"taxonomy":"post_tag","embeddable":true,"href":"https:\/\/glazbena.hr\/gb\/wp-json\/wp\/v2\/tags?post=29509"}],"curies":[{"name":"wp","href":"https:\/\/api.w.org\/{rel}","templated":true}]}}