{"id":2957,"date":"2018-12-07T15:24:46","date_gmt":"2018-12-07T13:24:46","guid":{"rendered":"https:\/\/glazbena.hr\/?p=2957"},"modified":"2018-12-07T15:35:13","modified_gmt":"2018-12-07T13:35:13","slug":"kritika-mjuzikla-glazba-srca-mog","status":"publish","type":"post","link":"https:\/\/glazbena.hr\/gb\/events\/kritika-mjuzikla-glazba-srca-mog\/","title":{"rendered":"Kritika mjuzikla &#8220;Glazba srca mog&#8221;"},"content":{"rendered":"<p>&#8221; Njihovo samopouzdanje je zarazno, glasovi odlu\u010dni i odli\u010dni. Zaslu\u017euju oni i mnogo vi\u0161e od dodatnih predstava u Vara\u017edinu, barem jednu turneju po Hrvatskoj.&#8221;<\/p>\n<p>Ovim je rije\u010dima Branimir Pofuk, kriti\u010dar Ve\u010dernjeg lista zavr\u0161io svoj osvrt na mjuzikl &#8220;Glazba srca mog&#8221; koji je 30. studenog 2018. godine praizveden u Hrvatskom narodnom kazali\u0161tu u Vara\u017edinu. Mjuzikl biv\u0161eg u\u010denika \u0160kole i skladatelja Ivana Josipa Skendera nastao je u koprodukciji Glazbene \u0161kole u Vara\u017edinu i Hrvatskog narodnog kazali\u0161ta u Vara\u017edinu<\/p>\n<p>Cijeli tekst pro\u010ditajte na:<\/p>\n<p><a href=\"https:\/\/www.vecernji.hr\/kultura\/glee-na-hrvatski-nacin-postao-hit-u-varazdinu-1287460\">https:\/\/www.vecernji.hr\/kultura\/glee-na-hrvatski-nacin-postao-hit-u-varazdinu-1287460<\/a><\/p>\n","protected":false},"excerpt":{"rendered":"<p>&#8221; Njihovo samopouzdanje je zarazno, glasovi odlu\u010dni i odli\u010dni. Zaslu\u017euju oni i mnogo vi\u0161e od dodatnih predstava u Vara\u017edinu, barem jednu turneju po Hrvatskoj.&#8221; Ovim je rije\u010dima Branimir Pofuk, kriti\u010dar Ve\u010dernjeg lista zavr\u0161io svoj osvrt na mjuzikl &#8220;Glazba srca mog&#8221; koji je 30. studenog 2018. godine praizveden u Hrvatskom narodnom kazali\u0161tu u Vara\u017edinu. Mjuzikl biv\u0161eg [&hellip;]<\/p>\n","protected":false},"author":11,"featured_media":0,"comment_status":"closed","ping_status":"closed","sticky":false,"template":"","format":"standard","meta":{"footnotes":""},"categories":[64],"tags":[],"class_list":["post-2957","post","type-post","status-publish","format-standard","hentry","category-najava-dogadanja"],"translation":{"provider":"WPGlobus","version":"3.0.0","language":"gb","enabled_languages":["hr","gb"],"languages":{"hr":{"title":true,"content":true,"excerpt":false},"gb":{"title":false,"content":false,"excerpt":false}}},"_links":{"self":[{"href":"https:\/\/glazbena.hr\/gb\/wp-json\/wp\/v2\/posts\/2957","targetHints":{"allow":["GET"]}}],"collection":[{"href":"https:\/\/glazbena.hr\/gb\/wp-json\/wp\/v2\/posts"}],"about":[{"href":"https:\/\/glazbena.hr\/gb\/wp-json\/wp\/v2\/types\/post"}],"author":[{"embeddable":true,"href":"https:\/\/glazbena.hr\/gb\/wp-json\/wp\/v2\/users\/11"}],"replies":[{"embeddable":true,"href":"https:\/\/glazbena.hr\/gb\/wp-json\/wp\/v2\/comments?post=2957"}],"version-history":[{"count":0,"href":"https:\/\/glazbena.hr\/gb\/wp-json\/wp\/v2\/posts\/2957\/revisions"}],"wp:attachment":[{"href":"https:\/\/glazbena.hr\/gb\/wp-json\/wp\/v2\/media?parent=2957"}],"wp:term":[{"taxonomy":"category","embeddable":true,"href":"https:\/\/glazbena.hr\/gb\/wp-json\/wp\/v2\/categories?post=2957"},{"taxonomy":"post_tag","embeddable":true,"href":"https:\/\/glazbena.hr\/gb\/wp-json\/wp\/v2\/tags?post=2957"}],"curies":[{"name":"wp","href":"https:\/\/api.w.org\/{rel}","templated":true}]}}