{"id":29669,"date":"2024-01-10T10:48:18","date_gmt":"2024-01-10T09:48:18","guid":{"rendered":"https:\/\/glazbena.hr\/?p=29669"},"modified":"2024-01-10T10:48:18","modified_gmt":"2024-01-10T09:48:18","slug":"accordion-fest-2024","status":"publish","type":"post","link":"https:\/\/glazbena.hr\/gb\/accordion-fest\/accordion-fest-2024\/","title":{"rendered":"Accordion Fest 2024."},"content":{"rendered":"<p>Natjecanje harmonika\u0161a Accordion Fest odr\u017eat \u0107e se u Glazbenoj \u0161koli u Vara\u017edinu 23. o\u017eujka 2024. godine. Prijave \u0107e biti mogu\u0107e sve do 03. o\u017eujka 2024. godine, a kotizacija za sve kategorije iznosi 30\u20ac. Vi\u0161e informacija o natjecanju mo\u017eete na\u0107i u nastavku.<\/p>\n<p><a href=\"https:\/\/glazbena.hr\/wp-content\/uploads\/2024\/01\/Accordionfest-2024.kratko.pdf\" target=\"_blank\" rel=\"noopener\">Accordionfest 2024.<\/a><\/p>\n","protected":false},"excerpt":{"rendered":"<p>Natjecanje harmonika\u0161a Accordion Fest odr\u017eat \u0107e se u Glazbenoj \u0161koli u Vara\u017edinu 23. o\u017eujka 2024. godine. Prijave \u0107e biti mogu\u0107e sve do 03. o\u017eujka 2024. godine, a kotizacija za sve kategorije iznosi 30\u20ac. Vi\u0161e informacija o natjecanju mo\u017eete na\u0107i u nastavku. Accordionfest 2024.<\/p>\n","protected":false},"author":5,"featured_media":0,"comment_status":"closed","ping_status":"closed","sticky":false,"template":"","format":"standard","meta":{"footnotes":""},"categories":[85],"tags":[],"class_list":["post-29669","post","type-post","status-publish","format-standard","hentry","category-accordion-fest"],"translation":{"provider":"WPGlobus","version":"3.0.0","language":"gb","enabled_languages":["hr","gb"],"languages":{"hr":{"title":true,"content":true,"excerpt":false},"gb":{"title":false,"content":false,"excerpt":false}}},"_links":{"self":[{"href":"https:\/\/glazbena.hr\/gb\/wp-json\/wp\/v2\/posts\/29669","targetHints":{"allow":["GET"]}}],"collection":[{"href":"https:\/\/glazbena.hr\/gb\/wp-json\/wp\/v2\/posts"}],"about":[{"href":"https:\/\/glazbena.hr\/gb\/wp-json\/wp\/v2\/types\/post"}],"author":[{"embeddable":true,"href":"https:\/\/glazbena.hr\/gb\/wp-json\/wp\/v2\/users\/5"}],"replies":[{"embeddable":true,"href":"https:\/\/glazbena.hr\/gb\/wp-json\/wp\/v2\/comments?post=29669"}],"version-history":[{"count":2,"href":"https:\/\/glazbena.hr\/gb\/wp-json\/wp\/v2\/posts\/29669\/revisions"}],"predecessor-version":[{"id":29672,"href":"https:\/\/glazbena.hr\/gb\/wp-json\/wp\/v2\/posts\/29669\/revisions\/29672"}],"wp:attachment":[{"href":"https:\/\/glazbena.hr\/gb\/wp-json\/wp\/v2\/media?parent=29669"}],"wp:term":[{"taxonomy":"category","embeddable":true,"href":"https:\/\/glazbena.hr\/gb\/wp-json\/wp\/v2\/categories?post=29669"},{"taxonomy":"post_tag","embeddable":true,"href":"https:\/\/glazbena.hr\/gb\/wp-json\/wp\/v2\/tags?post=29669"}],"curies":[{"name":"wp","href":"https:\/\/api.w.org\/{rel}","templated":true}]}}