{"id":29746,"date":"2024-01-16T13:53:22","date_gmt":"2024-01-16T12:53:22","guid":{"rendered":"https:\/\/glazbena.hr\/?p=29746"},"modified":"2024-01-16T13:53:22","modified_gmt":"2024-01-16T12:53:22","slug":"produkcija-odjela-za-klavir-14","status":"publish","type":"post","link":"https:\/\/glazbena.hr\/gb\/produkcije\/produkcija-odjela-za-klavir-14\/","title":{"rendered":"Produkcija Odjela za klavir"},"content":{"rendered":"<p>Produkcija Odjela za klavir odr\u017eat \u0107e se u \u010detvrtak, 18. sije\u010dnja 2024. godine u Velikoj koncertnoj dvorani Glazbene \u0161kole u Vara\u017edinu s po\u010detkom u 18.00 sati.<\/p>\n<p><a href=\"https:\/\/glazbena.hr\/wp-content\/uploads\/2024\/01\/Produkcija-18.01.2024_.pdf\" target=\"_blank\" rel=\"noopener\">Produkcija Odjela za klavir &#8211; 18.01.2024.<\/a><\/p>\n","protected":false},"excerpt":{"rendered":"<p>Produkcija Odjela za klavir odr\u017eat \u0107e se u \u010detvrtak, 18. sije\u010dnja 2024. godine u Velikoj koncertnoj dvorani Glazbene \u0161kole u Vara\u017edinu s po\u010detkom u 18.00 sati. Produkcija Odjela za klavir &#8211; 18.01.2024.<\/p>\n","protected":false},"author":5,"featured_media":0,"comment_status":"closed","ping_status":"closed","sticky":false,"template":"","format":"standard","meta":{"footnotes":""},"categories":[65],"tags":[],"class_list":["post-29746","post","type-post","status-publish","format-standard","hentry","category-produkcije"],"translation":{"provider":"WPGlobus","version":"3.0.0","language":"gb","enabled_languages":["hr","gb"],"languages":{"hr":{"title":true,"content":true,"excerpt":false},"gb":{"title":false,"content":false,"excerpt":false}}},"_links":{"self":[{"href":"https:\/\/glazbena.hr\/gb\/wp-json\/wp\/v2\/posts\/29746","targetHints":{"allow":["GET"]}}],"collection":[{"href":"https:\/\/glazbena.hr\/gb\/wp-json\/wp\/v2\/posts"}],"about":[{"href":"https:\/\/glazbena.hr\/gb\/wp-json\/wp\/v2\/types\/post"}],"author":[{"embeddable":true,"href":"https:\/\/glazbena.hr\/gb\/wp-json\/wp\/v2\/users\/5"}],"replies":[{"embeddable":true,"href":"https:\/\/glazbena.hr\/gb\/wp-json\/wp\/v2\/comments?post=29746"}],"version-history":[{"count":2,"href":"https:\/\/glazbena.hr\/gb\/wp-json\/wp\/v2\/posts\/29746\/revisions"}],"predecessor-version":[{"id":29749,"href":"https:\/\/glazbena.hr\/gb\/wp-json\/wp\/v2\/posts\/29746\/revisions\/29749"}],"wp:attachment":[{"href":"https:\/\/glazbena.hr\/gb\/wp-json\/wp\/v2\/media?parent=29746"}],"wp:term":[{"taxonomy":"category","embeddable":true,"href":"https:\/\/glazbena.hr\/gb\/wp-json\/wp\/v2\/categories?post=29746"},{"taxonomy":"post_tag","embeddable":true,"href":"https:\/\/glazbena.hr\/gb\/wp-json\/wp\/v2\/tags?post=29746"}],"curies":[{"name":"wp","href":"https:\/\/api.w.org\/{rel}","templated":true}]}}