{"id":3004,"date":"2018-12-11T14:16:18","date_gmt":"2018-12-11T12:16:18","guid":{"rendered":"https:\/\/glazbena.hr\/?p=3004"},"modified":"2018-12-11T14:16:18","modified_gmt":"2018-12-11T12:16:18","slug":"3-festival-adventskih-i-bozicnih-pjesama-u-zagrebu-2","status":"publish","type":"post","link":"https:\/\/glazbena.hr\/gb\/activity\/3-festival-adventskih-i-bozicnih-pjesama-u-zagrebu-2\/","title":{"rendered":"3. festival adventskih i bo\u017ei\u0107nih pjesama u Zagrebu"},"content":{"rendered":"<p>U sklopu programa 3. festivala adventskih i bo\u017ei\u0107nih pjesama u Zagrebu, koji po\u010dinje 1. prosinca 2018. i traje sve do 16. prosinca 2018. godine, odr\u017eat \u0107e se Dje\u010dji koncert glazbenih \u0161kola Zagreba i Vara\u017edina.<\/p>\n<p>Na koncertu u Muzeju Mimara 11. prosinca 2018. godine nastupiti \u0107e Dje\u010dji zbor Glazbene \u0161kole u Vara\u017edinu pod vodstvom Tomislava Cvrtile i uz klavirsku pratnju Maje Magdaleni\u0107 Bari\u0107.<\/p>\n<p><img loading=\"lazy\" decoding=\"async\" class=\"size-medium wp-image-2929 alignleft\" src=\"https:\/\/glazbena.hr\/wp-content\/uploads\/2018\/12\/Festival-2018-PROGRAM-1str-217x300.jpg\" alt=\"\" width=\"217\" height=\"300\" srcset=\"https:\/\/glazbena.hr\/wp-content\/uploads\/2018\/12\/Festival-2018-PROGRAM-1str-217x300.jpg 217w, https:\/\/glazbena.hr\/wp-content\/uploads\/2018\/12\/Festival-2018-PROGRAM-1str-768x1063.jpg 768w, https:\/\/glazbena.hr\/wp-content\/uploads\/2018\/12\/Festival-2018-PROGRAM-1str-740x1024.jpg 740w, https:\/\/glazbena.hr\/wp-content\/uploads\/2018\/12\/Festival-2018-PROGRAM-1str.jpg 921w\" sizes=\"auto, (max-width: 217px) 100vw, 217px\" \/><img loading=\"lazy\" decoding=\"async\" class=\"size-medium wp-image-2930 alignleft\" src=\"https:\/\/glazbena.hr\/wp-content\/uploads\/2018\/12\/image-217x300.jpg\" alt=\"\" width=\"217\" height=\"300\" srcset=\"https:\/\/glazbena.hr\/wp-content\/uploads\/2018\/12\/image-217x300.jpg 217w, https:\/\/glazbena.hr\/wp-content\/uploads\/2018\/12\/image-768x1063.jpg 768w, https:\/\/glazbena.hr\/wp-content\/uploads\/2018\/12\/image-740x1024.jpg 740w, https:\/\/glazbena.hr\/wp-content\/uploads\/2018\/12\/image.jpg 921w\" sizes=\"auto, (max-width: 217px) 100vw, 217px\" \/><\/p>\n","protected":false},"excerpt":{"rendered":"<p>U sklopu programa 3. festivala adventskih i bo\u017ei\u0107nih pjesama u Zagrebu, koji po\u010dinje 1. prosinca 2018. i traje sve do 16. prosinca 2018. godine, odr\u017eat \u0107e se Dje\u010dji koncert glazbenih \u0161kola Zagreba i Vara\u017edina. Na koncertu u Muzeju Mimara 11. prosinca 2018. godine nastupiti \u0107e Dje\u010dji zbor Glazbene \u0161kole u Vara\u017edinu pod vodstvom Tomislava Cvrtile [&hellip;]<\/p>\n","protected":false},"author":11,"featured_media":0,"comment_status":"closed","ping_status":"closed","sticky":false,"template":"","format":"standard","meta":{"footnotes":""},"categories":[70],"tags":[],"class_list":["post-3004","post","type-post","status-publish","format-standard","hentry","category-aktivnosti"],"translation":{"provider":"WPGlobus","version":"3.0.0","language":"gb","enabled_languages":["hr","gb"],"languages":{"hr":{"title":true,"content":true,"excerpt":false},"gb":{"title":false,"content":false,"excerpt":false}}},"_links":{"self":[{"href":"https:\/\/glazbena.hr\/gb\/wp-json\/wp\/v2\/posts\/3004","targetHints":{"allow":["GET"]}}],"collection":[{"href":"https:\/\/glazbena.hr\/gb\/wp-json\/wp\/v2\/posts"}],"about":[{"href":"https:\/\/glazbena.hr\/gb\/wp-json\/wp\/v2\/types\/post"}],"author":[{"embeddable":true,"href":"https:\/\/glazbena.hr\/gb\/wp-json\/wp\/v2\/users\/11"}],"replies":[{"embeddable":true,"href":"https:\/\/glazbena.hr\/gb\/wp-json\/wp\/v2\/comments?post=3004"}],"version-history":[{"count":0,"href":"https:\/\/glazbena.hr\/gb\/wp-json\/wp\/v2\/posts\/3004\/revisions"}],"wp:attachment":[{"href":"https:\/\/glazbena.hr\/gb\/wp-json\/wp\/v2\/media?parent=3004"}],"wp:term":[{"taxonomy":"category","embeddable":true,"href":"https:\/\/glazbena.hr\/gb\/wp-json\/wp\/v2\/categories?post=3004"},{"taxonomy":"post_tag","embeddable":true,"href":"https:\/\/glazbena.hr\/gb\/wp-json\/wp\/v2\/tags?post=3004"}],"curies":[{"name":"wp","href":"https:\/\/api.w.org\/{rel}","templated":true}]}}