{"id":30065,"date":"2024-02-20T17:38:18","date_gmt":"2024-02-20T16:38:18","guid":{"rendered":"https:\/\/glazbena.hr\/?p=30065"},"modified":"2024-02-20T17:41:09","modified_gmt":"2024-02-20T16:41:09","slug":"mladi-virtuozi-2024","status":"publish","type":"post","link":"https:\/\/glazbena.hr\/gb\/activity\/mladi-virtuozi-2024\/","title":{"rendered":"Mladi virtuozi 2024."},"content":{"rendered":"<p>Na jubilarnom 30. izadnju Me\u0111unarodnog natjecanja (za pijaniste) \u201cMladi virtuozi\u201d, i prema rije\u010dima predsjednika ocjenjiva\u010dkog suda glasovitog pijanista i pedagoga Rubena Dalibaltayana, \u201cmo\u017eda najja\u010dem natjecanju u regiji (po kvaliteti natjecatelja i koje se odvija u vi\u0161e kategorija)\u201d, odr\u017eanom od 14. do 18. velja\u010de 2024. godine u dvorani \u201cSvetislav Stan\u010di\u0107\u201d Muzi\u010dke akademije u Zagrebu, sudjelovali su i u\u010denici, tj. mladi virtuozi i iz na\u0161e \u0161kole: Filip Jaklin, 3.o. i Lucija \u010cehok, 4.s., oboje\u00a0u\u010denici u klasi nastavnice Lee \u0160antek, prof. savjetnik.<\/p>\n<p>Na izrazito zahtjevnom natjecanju, u smislu tra\u017eenih propozicija, programa, konkurencije, te strogog ocjenjiva\u010dkog suda u sastavu Ruben Dalibaltayan, Natalia Trull, Michael Davidov, Jelica Kuzmin i Florian Koltun na\u0161i u\u010denici postigli su izvrsne rezultate:<\/p>\n<ul>\n<li>Filip Jaklin, osvojio je III. nagradu (i 3. mjesto u poretku), srebrno priznanje (87.80 bodova), te je prisustvovao Sve\u010danoj podjeli nagrada i Zavr\u0161nom koncertu natjecanja<\/li>\n<li>Lucija \u010cehok, plasirala se u 2. etapu (finale) natjecanja gdje je zauzela 3. mjesto u poretku s osvojenih 69.60 bodova.<\/li>\n<\/ul>\n","protected":false},"excerpt":{"rendered":"<p>Na jubilarnom 30. izadnju Me\u0111unarodnog natjecanja (za pijaniste) \u201cMladi virtuozi\u201d, i prema rije\u010dima predsjednika ocjenjiva\u010dkog suda glasovitog pijanista i pedagoga Rubena Dalibaltayana, \u201cmo\u017eda najja\u010dem natjecanju u regiji (po kvaliteti natjecatelja i koje se odvija u vi\u0161e kategorija)\u201d, odr\u017eanom od 14. do 18. velja\u010de 2024. godine u dvorani \u201cSvetislav Stan\u010di\u0107\u201d Muzi\u010dke akademije u Zagrebu, sudjelovali su [&hellip;]<\/p>\n","protected":false},"author":5,"featured_media":0,"comment_status":"closed","ping_status":"closed","sticky":false,"template":"","format":"standard","meta":{"footnotes":""},"categories":[70],"tags":[],"class_list":["post-30065","post","type-post","status-publish","format-standard","hentry","category-aktivnosti"],"translation":{"provider":"WPGlobus","version":"3.0.0","language":"gb","enabled_languages":["hr","gb"],"languages":{"hr":{"title":true,"content":true,"excerpt":false},"gb":{"title":false,"content":false,"excerpt":false}}},"_links":{"self":[{"href":"https:\/\/glazbena.hr\/gb\/wp-json\/wp\/v2\/posts\/30065","targetHints":{"allow":["GET"]}}],"collection":[{"href":"https:\/\/glazbena.hr\/gb\/wp-json\/wp\/v2\/posts"}],"about":[{"href":"https:\/\/glazbena.hr\/gb\/wp-json\/wp\/v2\/types\/post"}],"author":[{"embeddable":true,"href":"https:\/\/glazbena.hr\/gb\/wp-json\/wp\/v2\/users\/5"}],"replies":[{"embeddable":true,"href":"https:\/\/glazbena.hr\/gb\/wp-json\/wp\/v2\/comments?post=30065"}],"version-history":[{"count":1,"href":"https:\/\/glazbena.hr\/gb\/wp-json\/wp\/v2\/posts\/30065\/revisions"}],"predecessor-version":[{"id":30066,"href":"https:\/\/glazbena.hr\/gb\/wp-json\/wp\/v2\/posts\/30065\/revisions\/30066"}],"wp:attachment":[{"href":"https:\/\/glazbena.hr\/gb\/wp-json\/wp\/v2\/media?parent=30065"}],"wp:term":[{"taxonomy":"category","embeddable":true,"href":"https:\/\/glazbena.hr\/gb\/wp-json\/wp\/v2\/categories?post=30065"},{"taxonomy":"post_tag","embeddable":true,"href":"https:\/\/glazbena.hr\/gb\/wp-json\/wp\/v2\/tags?post=30065"}],"curies":[{"name":"wp","href":"https:\/\/api.w.org\/{rel}","templated":true}]}}