{"id":30141,"date":"2024-02-29T11:21:24","date_gmt":"2024-02-29T10:21:24","guid":{"rendered":"https:\/\/glazbena.hr\/?p=30141"},"modified":"2024-02-29T11:21:24","modified_gmt":"2024-02-29T10:21:24","slug":"dani-josipa-klime-5","status":"publish","type":"post","link":"https:\/\/glazbena.hr\/gb\/events\/dani-josipa-klime-5\/","title":{"rendered":"Dani Josipa Klime"},"content":{"rendered":"<p>7. dani Josipa Klime ove \u0107e se godine odr\u017eati od 7-12.03.2024. Posve\u0107eni su komornoj glazbi, jednom od podru\u010dja kojem je glazbenik dao najve\u0107i doprinos. U to je smislu sredi\u0161nji doga\u0111aj manifestacije Natjecanje mladih glazbenih umjetnika Papandopulo u dijelu koji se odnosi na komornu glazbu. To zna\u010di da \u0107e pobjednici Natjecanja Papandopulo odr\u017eati pobjedni\u010dki koncert u Vara\u017edinu u okviru 7.DJK. Osim ovog, predvi\u0111en je i koncert na kojem \u0107e svirati Trio u sastavu Lucija Stilinovi\u0107, flauta (pobjednica Papandopula 2021. u kategoriji flaute), Hiwote Tadesse, viola i Veronika \u010cikovi\u0107, harfa te okrugli stol posve\u0107en komornoj glazbi, posebice njenom sredi\u0161njem sastavu \u2013 guda\u010dkom kvartetu \u2013 pod nazivom Guda\u010dki kvartet ili utopija ravnopravnog dijaloga na kojem \u0107e govoriti dr.sc.Davor Br\u0111anovi\u0107, prof. art. Goran Kon\u010dar te muzikolog Vedran Lesar.<\/p>\n<p>&nbsp;<\/p>\n<p><img loading=\"lazy\" decoding=\"async\" class=\"alignnone wp-image-30142 size-medium\" src=\"https:\/\/glazbena.hr\/wp-content\/uploads\/2024\/02\/Plakat-dani-Josipa-Klime-2024-1-214x300.jpg\" alt=\"\" width=\"214\" height=\"300\" srcset=\"https:\/\/glazbena.hr\/wp-content\/uploads\/2024\/02\/Plakat-dani-Josipa-Klime-2024-1-214x300.jpg 214w, https:\/\/glazbena.hr\/wp-content\/uploads\/2024\/02\/Plakat-dani-Josipa-Klime-2024-1-731x1024.jpg 731w, https:\/\/glazbena.hr\/wp-content\/uploads\/2024\/02\/Plakat-dani-Josipa-Klime-2024-1-768x1075.jpg 768w\" sizes=\"auto, (max-width: 214px) 100vw, 214px\" \/><\/p>\n<p>&nbsp;<\/p>\n","protected":false},"excerpt":{"rendered":"<p>7. dani Josipa Klime ove \u0107e se godine odr\u017eati od 7-12.03.2024. Posve\u0107eni su komornoj glazbi, jednom od podru\u010dja kojem je glazbenik dao najve\u0107i doprinos. U to je smislu sredi\u0161nji doga\u0111aj manifestacije Natjecanje mladih glazbenih umjetnika Papandopulo u dijelu koji se odnosi na komornu glazbu. To zna\u010di da \u0107e pobjednici Natjecanja Papandopulo odr\u017eati pobjedni\u010dki koncert u [&hellip;]<\/p>\n","protected":false},"author":5,"featured_media":0,"comment_status":"closed","ping_status":"closed","sticky":false,"template":"","format":"standard","meta":{"footnotes":""},"categories":[64],"tags":[],"class_list":["post-30141","post","type-post","status-publish","format-standard","hentry","category-najava-dogadanja"],"translation":{"provider":"WPGlobus","version":"3.0.0","language":"gb","enabled_languages":["hr","gb"],"languages":{"hr":{"title":true,"content":true,"excerpt":false},"gb":{"title":false,"content":false,"excerpt":false}}},"_links":{"self":[{"href":"https:\/\/glazbena.hr\/gb\/wp-json\/wp\/v2\/posts\/30141","targetHints":{"allow":["GET"]}}],"collection":[{"href":"https:\/\/glazbena.hr\/gb\/wp-json\/wp\/v2\/posts"}],"about":[{"href":"https:\/\/glazbena.hr\/gb\/wp-json\/wp\/v2\/types\/post"}],"author":[{"embeddable":true,"href":"https:\/\/glazbena.hr\/gb\/wp-json\/wp\/v2\/users\/5"}],"replies":[{"embeddable":true,"href":"https:\/\/glazbena.hr\/gb\/wp-json\/wp\/v2\/comments?post=30141"}],"version-history":[{"count":2,"href":"https:\/\/glazbena.hr\/gb\/wp-json\/wp\/v2\/posts\/30141\/revisions"}],"predecessor-version":[{"id":30144,"href":"https:\/\/glazbena.hr\/gb\/wp-json\/wp\/v2\/posts\/30141\/revisions\/30144"}],"wp:attachment":[{"href":"https:\/\/glazbena.hr\/gb\/wp-json\/wp\/v2\/media?parent=30141"}],"wp:term":[{"taxonomy":"category","embeddable":true,"href":"https:\/\/glazbena.hr\/gb\/wp-json\/wp\/v2\/categories?post=30141"},{"taxonomy":"post_tag","embeddable":true,"href":"https:\/\/glazbena.hr\/gb\/wp-json\/wp\/v2\/tags?post=30141"}],"curies":[{"name":"wp","href":"https:\/\/api.w.org\/{rel}","templated":true}]}}