{"id":30152,"date":"2024-03-02T17:53:35","date_gmt":"2024-03-02T16:53:35","guid":{"rendered":"https:\/\/glazbena.hr\/?p=30152"},"modified":"2024-03-02T17:53:35","modified_gmt":"2024-03-02T16:53:35","slug":"produkcija-odjela-za-harmoniku-orgulje-i-udaraljke-17","status":"publish","type":"post","link":"https:\/\/glazbena.hr\/gb\/produkcije\/produkcija-odjela-za-harmoniku-orgulje-i-udaraljke-17\/","title":{"rendered":"Produkcija Odjela za harmoniku, orgulje i udaraljke"},"content":{"rendered":"<p>Produkcija Odjela za harmoniku, orgulje i udaraljke \u0107e se odr\u017eati u ponedjeljak, 4. o\u017eujka 2024. godine s po\u010detkom u 18.00 sati u Velikoj koncertnoj dvorani Glazbene \u0161kole u Vara\u017edinu.<\/p>\n<p><a href=\"https:\/\/glazbena.hr\/wp-content\/uploads\/2024\/03\/Produkcija-Odjela-za-harmoniku-orgulje-i-udaraljke-4.3.2024..pdf\" target=\"_blank\" rel=\"noopener\">Produkcija Odjela za harmoniku, orgulje i udaraljke 4.3.2024.<\/a><\/p>\n","protected":false},"excerpt":{"rendered":"<p>Produkcija Odjela za harmoniku, orgulje i udaraljke \u0107e se odr\u017eati u ponedjeljak, 4. o\u017eujka 2024. godine s po\u010detkom u 18.00 sati u Velikoj koncertnoj dvorani Glazbene \u0161kole u Vara\u017edinu. Produkcija Odjela za harmoniku, orgulje i udaraljke 4.3.2024.<\/p>\n","protected":false},"author":5,"featured_media":0,"comment_status":"closed","ping_status":"closed","sticky":false,"template":"","format":"standard","meta":{"footnotes":""},"categories":[65],"tags":[],"class_list":["post-30152","post","type-post","status-publish","format-standard","hentry","category-produkcije"],"translation":{"provider":"WPGlobus","version":"3.0.0","language":"gb","enabled_languages":["hr","gb"],"languages":{"hr":{"title":true,"content":true,"excerpt":false},"gb":{"title":false,"content":false,"excerpt":false}}},"_links":{"self":[{"href":"https:\/\/glazbena.hr\/gb\/wp-json\/wp\/v2\/posts\/30152","targetHints":{"allow":["GET"]}}],"collection":[{"href":"https:\/\/glazbena.hr\/gb\/wp-json\/wp\/v2\/posts"}],"about":[{"href":"https:\/\/glazbena.hr\/gb\/wp-json\/wp\/v2\/types\/post"}],"author":[{"embeddable":true,"href":"https:\/\/glazbena.hr\/gb\/wp-json\/wp\/v2\/users\/5"}],"replies":[{"embeddable":true,"href":"https:\/\/glazbena.hr\/gb\/wp-json\/wp\/v2\/comments?post=30152"}],"version-history":[{"count":2,"href":"https:\/\/glazbena.hr\/gb\/wp-json\/wp\/v2\/posts\/30152\/revisions"}],"predecessor-version":[{"id":30155,"href":"https:\/\/glazbena.hr\/gb\/wp-json\/wp\/v2\/posts\/30152\/revisions\/30155"}],"wp:attachment":[{"href":"https:\/\/glazbena.hr\/gb\/wp-json\/wp\/v2\/media?parent=30152"}],"wp:term":[{"taxonomy":"category","embeddable":true,"href":"https:\/\/glazbena.hr\/gb\/wp-json\/wp\/v2\/categories?post=30152"},{"taxonomy":"post_tag","embeddable":true,"href":"https:\/\/glazbena.hr\/gb\/wp-json\/wp\/v2\/tags?post=30152"}],"curies":[{"name":"wp","href":"https:\/\/api.w.org\/{rel}","templated":true}]}}