{"id":30341,"date":"2024-03-22T20:37:01","date_gmt":"2024-03-22T19:37:01","guid":{"rendered":"https:\/\/glazbena.hr\/?p=30341"},"modified":"2024-03-22T20:37:01","modified_gmt":"2024-03-22T19:37:01","slug":"accordionfest-2024","status":"publish","type":"post","link":"https:\/\/glazbena.hr\/gb\/events\/accordionfest-2024\/","title":{"rendered":"AccordionFest 2024."},"content":{"rendered":"<p>Dana 23. o\u017eujka 2024. godine odr\u017eat \u0107e se ovogodi\u0161nji \u0161esti po redu Accordionfest, me\u0111unarodno harmonika\u0161ko natjecanje u Glazbenoj \u0161koli u Vara\u017edinu. Ovogodi\u0161nji Accordionfest okupit \u0107e u\u010denike osnovnih i srednjih \u0161kola iz \u010dak 33 glazbenih \u0161kola i to iz Hrvatske, BiH, Srbije, Crne Gore, Slovenije i Slova\u010dke koji je do sada rekordan po broju prijavljenih natjecatelja.<br \/>\nNatjecanje \u0107e se odvijati u koncertnim dvoranama Glazbene \u0161kole u Vara\u017edinu tijekom cijelog dana, a po\u010dinje ve\u0107 od 8 sati.<br \/>\nProsudbenu komisiju \u0107e sa\u010dinjavati eminentni pedagozi i profesori harmonike.<br \/>\nTako\u0111er istog dana odr\u017eat \u0107e se zavr\u0161ni koncert pobjednika iz svih kategorija u 20 sati.<br \/>\nOvim putem pozivamo sve ljubitelje harmonika\u0161ke glazbe da do\u0111u, poslu\u0161aju i podr\u017ee male i velike harmonika\u0161e.<\/p>\n","protected":false},"excerpt":{"rendered":"<p>Dana 23. o\u017eujka 2024. godine odr\u017eat \u0107e se ovogodi\u0161nji \u0161esti po redu Accordionfest, me\u0111unarodno harmonika\u0161ko natjecanje u Glazbenoj \u0161koli u Vara\u017edinu. Ovogodi\u0161nji Accordionfest okupit \u0107e u\u010denike osnovnih i srednjih \u0161kola iz \u010dak 33 glazbenih \u0161kola i to iz Hrvatske, BiH, Srbije, Crne Gore, Slovenije i Slova\u010dke koji je do sada rekordan po broju prijavljenih natjecatelja. [&hellip;]<\/p>\n","protected":false},"author":5,"featured_media":0,"comment_status":"closed","ping_status":"closed","sticky":false,"template":"","format":"standard","meta":{"footnotes":""},"categories":[64,85],"tags":[],"class_list":["post-30341","post","type-post","status-publish","format-standard","hentry","category-najava-dogadanja","category-accordion-fest"],"translation":{"provider":"WPGlobus","version":"3.0.0","language":"gb","enabled_languages":["hr","gb"],"languages":{"hr":{"title":true,"content":true,"excerpt":false},"gb":{"title":false,"content":false,"excerpt":false}}},"_links":{"self":[{"href":"https:\/\/glazbena.hr\/gb\/wp-json\/wp\/v2\/posts\/30341","targetHints":{"allow":["GET"]}}],"collection":[{"href":"https:\/\/glazbena.hr\/gb\/wp-json\/wp\/v2\/posts"}],"about":[{"href":"https:\/\/glazbena.hr\/gb\/wp-json\/wp\/v2\/types\/post"}],"author":[{"embeddable":true,"href":"https:\/\/glazbena.hr\/gb\/wp-json\/wp\/v2\/users\/5"}],"replies":[{"embeddable":true,"href":"https:\/\/glazbena.hr\/gb\/wp-json\/wp\/v2\/comments?post=30341"}],"version-history":[{"count":2,"href":"https:\/\/glazbena.hr\/gb\/wp-json\/wp\/v2\/posts\/30341\/revisions"}],"predecessor-version":[{"id":30343,"href":"https:\/\/glazbena.hr\/gb\/wp-json\/wp\/v2\/posts\/30341\/revisions\/30343"}],"wp:attachment":[{"href":"https:\/\/glazbena.hr\/gb\/wp-json\/wp\/v2\/media?parent=30341"}],"wp:term":[{"taxonomy":"category","embeddable":true,"href":"https:\/\/glazbena.hr\/gb\/wp-json\/wp\/v2\/categories?post=30341"},{"taxonomy":"post_tag","embeddable":true,"href":"https:\/\/glazbena.hr\/gb\/wp-json\/wp\/v2\/tags?post=30341"}],"curies":[{"name":"wp","href":"https:\/\/api.w.org\/{rel}","templated":true}]}}