{"id":30420,"date":"2024-04-09T09:46:48","date_gmt":"2024-04-09T08:46:48","guid":{"rendered":"https:\/\/glazbena.hr\/?p=30420"},"modified":"2024-04-09T09:46:48","modified_gmt":"2024-04-09T08:46:48","slug":"koncert-studenata-klavira-muzicke-akademije-u-zagrebu","status":"publish","type":"post","link":"https:\/\/glazbena.hr\/gb\/events\/koncert-studenata-klavira-muzicke-akademije-u-zagrebu\/","title":{"rendered":"Koncert studenata klavira Muzi\u010dke akademije u Zagrebu"},"content":{"rendered":"<p>Koncert studenata klavira Muzi\u010dke akademije u Zagrebu Frana Leke i Lucije Borkovi\u0107, iz klase red. prof. art. \u0110or\u0111a Stanettija odr\u017eat \u0107e se u srijedu, 10. travnja 2024. godine u Velikoj koncertnoj dvorani Glazbene \u0161kole u Vara\u017edinu s po\u010detkom u 16.00 sati.<\/p>\n<p><a href=\"https:\/\/glazbena.hr\/wp-content\/uploads\/2024\/04\/Koncert-10.04.2024.pdf\" target=\"_blank\" rel=\"noopener\">Koncert studenata klavira Muzi\u010dke akademije u Zagrebu &#8211; 10.04.2024.<\/a><\/p>\n","protected":false},"excerpt":{"rendered":"<p>Koncert studenata klavira Muzi\u010dke akademije u Zagrebu Frana Leke i Lucije Borkovi\u0107, iz klase red. prof. art. \u0110or\u0111a Stanettija odr\u017eat \u0107e se u srijedu, 10. travnja 2024. godine u Velikoj koncertnoj dvorani Glazbene \u0161kole u Vara\u017edinu s po\u010detkom u 16.00 sati. Koncert studenata klavira Muzi\u010dke akademije u Zagrebu &#8211; 10.04.2024.<\/p>\n","protected":false},"author":5,"featured_media":0,"comment_status":"closed","ping_status":"closed","sticky":false,"template":"","format":"standard","meta":{"footnotes":""},"categories":[64],"tags":[],"class_list":["post-30420","post","type-post","status-publish","format-standard","hentry","category-najava-dogadanja"],"translation":{"provider":"WPGlobus","version":"3.0.0","language":"gb","enabled_languages":["hr","gb"],"languages":{"hr":{"title":true,"content":true,"excerpt":false},"gb":{"title":false,"content":false,"excerpt":false}}},"_links":{"self":[{"href":"https:\/\/glazbena.hr\/gb\/wp-json\/wp\/v2\/posts\/30420","targetHints":{"allow":["GET"]}}],"collection":[{"href":"https:\/\/glazbena.hr\/gb\/wp-json\/wp\/v2\/posts"}],"about":[{"href":"https:\/\/glazbena.hr\/gb\/wp-json\/wp\/v2\/types\/post"}],"author":[{"embeddable":true,"href":"https:\/\/glazbena.hr\/gb\/wp-json\/wp\/v2\/users\/5"}],"replies":[{"embeddable":true,"href":"https:\/\/glazbena.hr\/gb\/wp-json\/wp\/v2\/comments?post=30420"}],"version-history":[{"count":2,"href":"https:\/\/glazbena.hr\/gb\/wp-json\/wp\/v2\/posts\/30420\/revisions"}],"predecessor-version":[{"id":30423,"href":"https:\/\/glazbena.hr\/gb\/wp-json\/wp\/v2\/posts\/30420\/revisions\/30423"}],"wp:attachment":[{"href":"https:\/\/glazbena.hr\/gb\/wp-json\/wp\/v2\/media?parent=30420"}],"wp:term":[{"taxonomy":"category","embeddable":true,"href":"https:\/\/glazbena.hr\/gb\/wp-json\/wp\/v2\/categories?post=30420"},{"taxonomy":"post_tag","embeddable":true,"href":"https:\/\/glazbena.hr\/gb\/wp-json\/wp\/v2\/tags?post=30420"}],"curies":[{"name":"wp","href":"https:\/\/api.w.org\/{rel}","templated":true}]}}