{"id":30790,"date":"2024-05-17T12:37:55","date_gmt":"2024-05-17T11:37:55","guid":{"rendered":"https:\/\/glazbena.hr\/?p=30790"},"modified":"2024-05-17T12:37:55","modified_gmt":"2024-05-17T11:37:55","slug":"matineja-br-13-23-24","status":"publish","type":"post","link":"https:\/\/glazbena.hr\/gb\/activity\/matineja-br-13-23-24\/","title":{"rendered":"Matineja br. 13. 23.\/24."},"content":{"rendered":"<p>Dana 11. svibnja 2024. godine s po\u010detkom u 11 sati u Velikoj koncertnoj dvorani odr\u017eana je 13. po redu Matineja ove \u0161kolske godine u suradnji s Glazbenom mlade\u017ei Vara\u017edin.<br \/>\nNastupili su u\u010denici klaviristi Glazbene \u0161kole u Vara\u017edinu i Podru\u010dnih odjela u Ivancu i Vara\u017edinskim Toplicama:Ema Kladi\u0107, 3.o., Ivana Golub, 6.o., Marcel Dodlek, 1.s. i Lucija \u010cehok, 4.s. koje su za nastup pripremili nastavnici &#8211; Lana Buba\u0161, mag. mus., Mia Mihali\u0107, mag. mus., Lea \u0160antek, prof. savjetnik i Predrag \u0160antek, prof. savjetnik<br \/>\nS Akademije umjetnosti Univerziteta u Banja Luci nastupili su na\u0161i biv\u0161i u\u010denici Sandro Sauli\u0107, student 2. godine pod mentorstvom red. prof. dr. Zorana Raki\u0107a na harmonici solo te pod mentorstvom doc. mr. Marije Pilipovi\u0107 u duu s kolegom Reneom Mate\u010dakom, studentom 1. godine harmonike.<\/p>\n<p>S Akademije za umjetnost i kulturu u Osijeku nastupio je tako\u0111er na\u0161 biv\u0161i u\u010denik Patrik Podgorelec, trenutno student 3. godine pod mentorstvom doc. art. dr. sc. Gorana Filipeca i uz klavirsku pratnju svojeg nekada\u0161njeg profesora Predraga \u0160anteka, prof. savjetnik.<\/p>\n<p>&nbsp;<\/p>\n","protected":false},"excerpt":{"rendered":"<p>Dana 11. svibnja 2024. godine s po\u010detkom u 11 sati u Velikoj koncertnoj dvorani odr\u017eana je 13. po redu Matineja ove \u0161kolske godine u suradnji s Glazbenom mlade\u017ei Vara\u017edin. Nastupili su u\u010denici klaviristi Glazbene \u0161kole u Vara\u017edinu i Podru\u010dnih odjela u Ivancu i Vara\u017edinskim Toplicama:Ema Kladi\u0107, 3.o., Ivana Golub, 6.o., Marcel Dodlek, 1.s. i Lucija [&hellip;]<\/p>\n","protected":false},"author":5,"featured_media":0,"comment_status":"closed","ping_status":"closed","sticky":false,"template":"","format":"standard","meta":{"footnotes":""},"categories":[70],"tags":[],"class_list":["post-30790","post","type-post","status-publish","format-standard","hentry","category-aktivnosti"],"translation":{"provider":"WPGlobus","version":"3.0.0","language":"gb","enabled_languages":["hr","gb"],"languages":{"hr":{"title":true,"content":true,"excerpt":false},"gb":{"title":false,"content":false,"excerpt":false}}},"_links":{"self":[{"href":"https:\/\/glazbena.hr\/gb\/wp-json\/wp\/v2\/posts\/30790","targetHints":{"allow":["GET"]}}],"collection":[{"href":"https:\/\/glazbena.hr\/gb\/wp-json\/wp\/v2\/posts"}],"about":[{"href":"https:\/\/glazbena.hr\/gb\/wp-json\/wp\/v2\/types\/post"}],"author":[{"embeddable":true,"href":"https:\/\/glazbena.hr\/gb\/wp-json\/wp\/v2\/users\/5"}],"replies":[{"embeddable":true,"href":"https:\/\/glazbena.hr\/gb\/wp-json\/wp\/v2\/comments?post=30790"}],"version-history":[{"count":2,"href":"https:\/\/glazbena.hr\/gb\/wp-json\/wp\/v2\/posts\/30790\/revisions"}],"predecessor-version":[{"id":30792,"href":"https:\/\/glazbena.hr\/gb\/wp-json\/wp\/v2\/posts\/30790\/revisions\/30792"}],"wp:attachment":[{"href":"https:\/\/glazbena.hr\/gb\/wp-json\/wp\/v2\/media?parent=30790"}],"wp:term":[{"taxonomy":"category","embeddable":true,"href":"https:\/\/glazbena.hr\/gb\/wp-json\/wp\/v2\/categories?post=30790"},{"taxonomy":"post_tag","embeddable":true,"href":"https:\/\/glazbena.hr\/gb\/wp-json\/wp\/v2\/tags?post=30790"}],"curies":[{"name":"wp","href":"https:\/\/api.w.org\/{rel}","templated":true}]}}