{"id":30796,"date":"2024-05-17T12:50:20","date_gmt":"2024-05-17T11:50:20","guid":{"rendered":"https:\/\/glazbena.hr\/?p=30796"},"modified":"2024-05-17T12:50:20","modified_gmt":"2024-05-17T11:50:20","slug":"pozornica-i-ja-7-koncert-23-24","status":"publish","type":"post","link":"https:\/\/glazbena.hr\/gb\/activity\/pozornica-i-ja-7-koncert-23-24\/","title":{"rendered":"Pozornica i ja, 7. koncert 23.\/24."},"content":{"rendered":"<p>U petak, 3. svibnja 2024., odr\u017ean je sedmi po redu koncert projekta \u201ePozornica i ja\u201c. Ovaj put su se na koncertu pridru\u017eile u\u010denice oboistice te njihovi profesori Emina \u017dupani\u0107, mag. mus. i Marko Bi\u0161kup, mag. mus., klavir. Tako je ovaj projekt uveli\u010dan za jo\u0161 jedan instrument \u2013 obou. Koncert su otvorile u\u010denice Lucija \u010cehok, 4.s., Eva Bar\u010dot, 4.s., i Paula Malba\u0161i\u0107, 2.s., koje su predstavile veliki i vrlo zanimljiv program klavirskog tria, koji su uvje\u017ebale pod vodstvom kolege Davida Vukovi\u0107a, mag. mus. Uz osnovno\u0161kolce i srednjo\u0161kolce, na ovom su se koncertu pridru\u017eili i pred\u0161kolci \u2013 Izidora, Dina i Ivor. Na kraju koncerta, kao veliko iznena\u0111enje, pridru\u017eio se na\u0161 biv\u0161i u\u010denik Noa Ostoji\u0107, koji je do\u0161ao iz \u0160vedske kako bi prisustvovao koncertu i dru\u017eenju. Noa je zajedno s profesoricom Leom \u0160antek, prof. savjetnik, odsvirao prvi stavak Mozartovog klavirskog koncerta u C-duru, KV 246, te je tako sretno i nasmijano zatvoren sedmi koncert projekta \u201ePozornica i ja\u201d.<br \/>\nNa koncertu su nastupili &#8211; Izidora \u0110uras, Pred\u0161kolski zbor i Po\u010detni\u010dki solfeggio, Dina Vincek, Mala \u0161kola klavira, Ivor Slunjski, Po\u010detni\u010dki solfeggio, Mia Herceg, 1.o., Vito Morandini Plovani\u0107, 1.o., Lara Bi\u0161kup, 1.o., Louren \u017dmega\u010d S\u00e1nchez, 2.o., Eva Kos, 3.o., Filip Jaklin, 3.o., Janko Lazar, 3.o., Noa Ostoji\u0107, Uppsala kulturskola, Josip Vu\u010di\u0107, 3.o., Ana Il\u010di\u0107, 4.o., Jelena Kola\u010dko, 4.o., Bruna Jovan, 5.o., Vita Martin\u010devi\u0107, 5.o., Kaja Odak, 5.o., Jana Kri\u017emari\u0107, 5.o., Paula Malba\u0161i\u0107, 2.s., Klara Jambro\u0161i\u0107 Barnjak, 3.s., Eva Bar\u010dot, 4.s. i Lucija \u010cehok, 4.s..<\/p>\n<p>U\u010denike su za koncert pripremili &#8211; Emina \u017dupani\u0107, mag. mus., Helena Herman, mag. mus., Lea \u0160antek, prof. savjetnik, David Vukovi\u0107, mag. mus. i Martin Tell, prof., Uppsala kulturskola.<\/p>\n<p><a href=\"https:\/\/glazbena.hr\/wp-content\/uploads\/2024\/05\/Sedmi-koncert-03.05.2024.pdf\" target=\"_blank\" rel=\"noopener\">Pozornica i ja &#8211; sedmi koncert, 03.05.2024.<\/a><\/p>\n<p>&nbsp;<\/p>\n","protected":false},"excerpt":{"rendered":"<p>U petak, 3. svibnja 2024., odr\u017ean je sedmi po redu koncert projekta \u201ePozornica i ja\u201c. Ovaj put su se na koncertu pridru\u017eile u\u010denice oboistice te njihovi profesori Emina \u017dupani\u0107, mag. mus. i Marko Bi\u0161kup, mag. mus., klavir. Tako je ovaj projekt uveli\u010dan za jo\u0161 jedan instrument \u2013 obou. Koncert su otvorile u\u010denice Lucija \u010cehok, 4.s., [&hellip;]<\/p>\n","protected":false},"author":5,"featured_media":0,"comment_status":"closed","ping_status":"closed","sticky":false,"template":"","format":"standard","meta":{"footnotes":""},"categories":[70],"tags":[],"class_list":["post-30796","post","type-post","status-publish","format-standard","hentry","category-aktivnosti"],"translation":{"provider":"WPGlobus","version":"3.0.0","language":"gb","enabled_languages":["hr","gb"],"languages":{"hr":{"title":true,"content":true,"excerpt":false},"gb":{"title":false,"content":false,"excerpt":false}}},"_links":{"self":[{"href":"https:\/\/glazbena.hr\/gb\/wp-json\/wp\/v2\/posts\/30796","targetHints":{"allow":["GET"]}}],"collection":[{"href":"https:\/\/glazbena.hr\/gb\/wp-json\/wp\/v2\/posts"}],"about":[{"href":"https:\/\/glazbena.hr\/gb\/wp-json\/wp\/v2\/types\/post"}],"author":[{"embeddable":true,"href":"https:\/\/glazbena.hr\/gb\/wp-json\/wp\/v2\/users\/5"}],"replies":[{"embeddable":true,"href":"https:\/\/glazbena.hr\/gb\/wp-json\/wp\/v2\/comments?post=30796"}],"version-history":[{"count":2,"href":"https:\/\/glazbena.hr\/gb\/wp-json\/wp\/v2\/posts\/30796\/revisions"}],"predecessor-version":[{"id":30799,"href":"https:\/\/glazbena.hr\/gb\/wp-json\/wp\/v2\/posts\/30796\/revisions\/30799"}],"wp:attachment":[{"href":"https:\/\/glazbena.hr\/gb\/wp-json\/wp\/v2\/media?parent=30796"}],"wp:term":[{"taxonomy":"category","embeddable":true,"href":"https:\/\/glazbena.hr\/gb\/wp-json\/wp\/v2\/categories?post=30796"},{"taxonomy":"post_tag","embeddable":true,"href":"https:\/\/glazbena.hr\/gb\/wp-json\/wp\/v2\/tags?post=30796"}],"curies":[{"name":"wp","href":"https:\/\/api.w.org\/{rel}","templated":true}]}}