{"id":30872,"date":"2024-05-28T19:25:56","date_gmt":"2024-05-28T18:25:56","guid":{"rendered":"https:\/\/glazbena.hr\/?p=30872"},"modified":"2024-05-28T19:25:56","modified_gmt":"2024-05-28T18:25:56","slug":"produkcija-prvih-razreda-odjela-za-klavir-2","status":"publish","type":"post","link":"https:\/\/glazbena.hr\/gb\/produkcije\/produkcija-prvih-razreda-odjela-za-klavir-2\/","title":{"rendered":"Produkcija prvih razreda Odjela za klavir"},"content":{"rendered":"<p>Produkcija Odjela za klavir, polaznika prvih razreda osnovne glazbene \u0161kole odr\u017eat \u0107e se u srijedu 29. svibnja 2024. godine u Velikoj koncertnoj dvorani Glazbene \u0161kole u Vara\u017edinu s po\u010detkom u 16.00 sati.<\/p>\n<p><a href=\"https:\/\/glazbena.hr\/wp-content\/uploads\/2024\/05\/0315_001-2.pdf\" target=\"_blank\" rel=\"noopener\">Produkcija prvih razreda<\/a><\/p>\n","protected":false},"excerpt":{"rendered":"<p>Produkcija Odjela za klavir, polaznika prvih razreda osnovne glazbene \u0161kole odr\u017eat \u0107e se u srijedu 29. svibnja 2024. godine u Velikoj koncertnoj dvorani Glazbene \u0161kole u Vara\u017edinu s po\u010detkom u 16.00 sati. Produkcija prvih razreda<\/p>\n","protected":false},"author":5,"featured_media":0,"comment_status":"closed","ping_status":"closed","sticky":false,"template":"","format":"standard","meta":{"footnotes":""},"categories":[65],"tags":[],"class_list":["post-30872","post","type-post","status-publish","format-standard","hentry","category-produkcije"],"translation":{"provider":"WPGlobus","version":"3.0.0","language":"gb","enabled_languages":["hr","gb"],"languages":{"hr":{"title":true,"content":true,"excerpt":false},"gb":{"title":false,"content":false,"excerpt":false}}},"_links":{"self":[{"href":"https:\/\/glazbena.hr\/gb\/wp-json\/wp\/v2\/posts\/30872","targetHints":{"allow":["GET"]}}],"collection":[{"href":"https:\/\/glazbena.hr\/gb\/wp-json\/wp\/v2\/posts"}],"about":[{"href":"https:\/\/glazbena.hr\/gb\/wp-json\/wp\/v2\/types\/post"}],"author":[{"embeddable":true,"href":"https:\/\/glazbena.hr\/gb\/wp-json\/wp\/v2\/users\/5"}],"replies":[{"embeddable":true,"href":"https:\/\/glazbena.hr\/gb\/wp-json\/wp\/v2\/comments?post=30872"}],"version-history":[{"count":2,"href":"https:\/\/glazbena.hr\/gb\/wp-json\/wp\/v2\/posts\/30872\/revisions"}],"predecessor-version":[{"id":30875,"href":"https:\/\/glazbena.hr\/gb\/wp-json\/wp\/v2\/posts\/30872\/revisions\/30875"}],"wp:attachment":[{"href":"https:\/\/glazbena.hr\/gb\/wp-json\/wp\/v2\/media?parent=30872"}],"wp:term":[{"taxonomy":"category","embeddable":true,"href":"https:\/\/glazbena.hr\/gb\/wp-json\/wp\/v2\/categories?post=30872"},{"taxonomy":"post_tag","embeddable":true,"href":"https:\/\/glazbena.hr\/gb\/wp-json\/wp\/v2\/tags?post=30872"}],"curies":[{"name":"wp","href":"https:\/\/api.w.org\/{rel}","templated":true}]}}