{"id":3097,"date":"2018-12-20T14:12:01","date_gmt":"2018-12-20T12:12:01","guid":{"rendered":"https:\/\/glazbena.hr\/?p=3097"},"modified":"2019-01-02T13:41:23","modified_gmt":"2019-01-02T11:41:23","slug":"razredna-produkcija-lea-i-predrag-santek","status":"publish","type":"post","link":"https:\/\/glazbena.hr\/gb\/produkcije\/razredna-produkcija-lea-i-predrag-santek\/","title":{"rendered":"Razredna produkcija &#8211; Lea i Predrag \u0160antek"},"content":{"rendered":"<p>Razredna produkcija prof. Lee \u0160antek i prof. Predraga \u0160anteka odr\u017eat \u0107e se u \u010detvrtak, 20. prosinca 2018. godine u Velikoj koncertnoj dvorani Glazbene \u0161kole u Vara\u017edinu s po\u010detkom u 19:30 sati.<\/p>\n<p><a href=\"https:\/\/glazbena.hr\/wp-content\/uploads\/2018\/12\/Razredna-produkcija-Lea-i-Predrag-\u0160antek.pdf\">Razredna produkcija &#8211; Lea i Predrag \u0160antek<\/a><\/p>\n","protected":false},"excerpt":{"rendered":"<p>Razredna produkcija prof. Lee \u0160antek i prof. Predraga \u0160anteka odr\u017eat \u0107e se u \u010detvrtak, 20. prosinca 2018. godine u Velikoj koncertnoj dvorani Glazbene \u0161kole u Vara\u017edinu s po\u010detkom u 19:30 sati. Razredna produkcija &#8211; Lea i Predrag \u0160antek<\/p>\n","protected":false},"author":11,"featured_media":0,"comment_status":"closed","ping_status":"closed","sticky":false,"template":"","format":"standard","meta":{"footnotes":""},"categories":[65],"tags":[],"class_list":["post-3097","post","type-post","status-publish","format-standard","hentry","category-produkcije"],"translation":{"provider":"WPGlobus","version":"3.0.0","language":"gb","enabled_languages":["hr","gb"],"languages":{"hr":{"title":true,"content":true,"excerpt":false},"gb":{"title":false,"content":false,"excerpt":false}}},"_links":{"self":[{"href":"https:\/\/glazbena.hr\/gb\/wp-json\/wp\/v2\/posts\/3097","targetHints":{"allow":["GET"]}}],"collection":[{"href":"https:\/\/glazbena.hr\/gb\/wp-json\/wp\/v2\/posts"}],"about":[{"href":"https:\/\/glazbena.hr\/gb\/wp-json\/wp\/v2\/types\/post"}],"author":[{"embeddable":true,"href":"https:\/\/glazbena.hr\/gb\/wp-json\/wp\/v2\/users\/11"}],"replies":[{"embeddable":true,"href":"https:\/\/glazbena.hr\/gb\/wp-json\/wp\/v2\/comments?post=3097"}],"version-history":[{"count":0,"href":"https:\/\/glazbena.hr\/gb\/wp-json\/wp\/v2\/posts\/3097\/revisions"}],"wp:attachment":[{"href":"https:\/\/glazbena.hr\/gb\/wp-json\/wp\/v2\/media?parent=3097"}],"wp:term":[{"taxonomy":"category","embeddable":true,"href":"https:\/\/glazbena.hr\/gb\/wp-json\/wp\/v2\/categories?post=3097"},{"taxonomy":"post_tag","embeddable":true,"href":"https:\/\/glazbena.hr\/gb\/wp-json\/wp\/v2\/tags?post=3097"}],"curies":[{"name":"wp","href":"https:\/\/api.w.org\/{rel}","templated":true}]}}