{"id":31002,"date":"2024-06-12T12:30:56","date_gmt":"2024-06-12T11:30:56","guid":{"rendered":"https:\/\/glazbena.hr\/?p=31002"},"modified":"2024-06-12T12:30:56","modified_gmt":"2024-06-12T11:30:56","slug":"koncert-sergeja-skeledzije-i-davida-vukovica","status":"publish","type":"post","link":"https:\/\/glazbena.hr\/gb\/events\/koncert-sergeja-skeledzije-i-davida-vukovica\/","title":{"rendered":"Koncert Sergeja Skeled\u017eije i Davida Vukovi\u0107a"},"content":{"rendered":"<p>Koncert Sergeja Skeled\u017eije, talentiranog mladog violinista i Davida Vukovi\u0107a koji \u0107e ga pratiti na klaviru, odr\u017eat \u0107e se u srijedu, 12. lipnja 2024. godine u Velikoj koncertnoj dvorani Glazbene \u0161kole u Vara\u017edinu s po\u010detkom u 19.00 sati.<\/p>\n<p><img loading=\"lazy\" decoding=\"async\" class=\"alignnone size-medium wp-image-31003\" src=\"https:\/\/glazbena.hr\/wp-content\/uploads\/2024\/06\/Sjecanje-na-Doru-2-1-1-214x300.jpg\" alt=\"\" width=\"214\" height=\"300\" srcset=\"https:\/\/glazbena.hr\/wp-content\/uploads\/2024\/06\/Sjecanje-na-Doru-2-1-1-214x300.jpg 214w, https:\/\/glazbena.hr\/wp-content\/uploads\/2024\/06\/Sjecanje-na-Doru-2-1-1-731x1024.jpg 731w, https:\/\/glazbena.hr\/wp-content\/uploads\/2024\/06\/Sjecanje-na-Doru-2-1-1-768x1075.jpg 768w\" sizes=\"auto, (max-width: 214px) 100vw, 214px\" \/><\/p>\n","protected":false},"excerpt":{"rendered":"<p>Koncert Sergeja Skeled\u017eije, talentiranog mladog violinista i Davida Vukovi\u0107a koji \u0107e ga pratiti na klaviru, odr\u017eat \u0107e se u srijedu, 12. lipnja 2024. godine u Velikoj koncertnoj dvorani Glazbene \u0161kole u Vara\u017edinu s po\u010detkom u 19.00 sati.<\/p>\n","protected":false},"author":5,"featured_media":0,"comment_status":"closed","ping_status":"closed","sticky":false,"template":"","format":"standard","meta":{"footnotes":""},"categories":[64],"tags":[],"class_list":["post-31002","post","type-post","status-publish","format-standard","hentry","category-najava-dogadanja"],"translation":{"provider":"WPGlobus","version":"3.0.0","language":"gb","enabled_languages":["hr","gb"],"languages":{"hr":{"title":true,"content":true,"excerpt":false},"gb":{"title":false,"content":false,"excerpt":false}}},"_links":{"self":[{"href":"https:\/\/glazbena.hr\/gb\/wp-json\/wp\/v2\/posts\/31002","targetHints":{"allow":["GET"]}}],"collection":[{"href":"https:\/\/glazbena.hr\/gb\/wp-json\/wp\/v2\/posts"}],"about":[{"href":"https:\/\/glazbena.hr\/gb\/wp-json\/wp\/v2\/types\/post"}],"author":[{"embeddable":true,"href":"https:\/\/glazbena.hr\/gb\/wp-json\/wp\/v2\/users\/5"}],"replies":[{"embeddable":true,"href":"https:\/\/glazbena.hr\/gb\/wp-json\/wp\/v2\/comments?post=31002"}],"version-history":[{"count":2,"href":"https:\/\/glazbena.hr\/gb\/wp-json\/wp\/v2\/posts\/31002\/revisions"}],"predecessor-version":[{"id":31005,"href":"https:\/\/glazbena.hr\/gb\/wp-json\/wp\/v2\/posts\/31002\/revisions\/31005"}],"wp:attachment":[{"href":"https:\/\/glazbena.hr\/gb\/wp-json\/wp\/v2\/media?parent=31002"}],"wp:term":[{"taxonomy":"category","embeddable":true,"href":"https:\/\/glazbena.hr\/gb\/wp-json\/wp\/v2\/categories?post=31002"},{"taxonomy":"post_tag","embeddable":true,"href":"https:\/\/glazbena.hr\/gb\/wp-json\/wp\/v2\/tags?post=31002"}],"curies":[{"name":"wp","href":"https:\/\/api.w.org\/{rel}","templated":true}]}}