{"id":31008,"date":"2024-06-12T17:00:34","date_gmt":"2024-06-12T16:00:34","guid":{"rendered":"https:\/\/glazbena.hr\/?p=31008"},"modified":"2024-06-12T18:06:25","modified_gmt":"2024-06-12T17:06:25","slug":"zavrsni-koncert-polaznika-podrucnog-odjela-u-ivancu","status":"publish","type":"post","link":"https:\/\/glazbena.hr\/gb\/produkcije\/zavrsni-koncert-polaznika-podrucnog-odjela-u-ivancu\/","title":{"rendered":"Zavr\u0161ni koncert polaznika Podru\u010dnog odjela u Ivancu"},"content":{"rendered":"<p>Zavr\u0161ni koncert u\u010denika glazbene \u0161kole, Podru\u010dnog odjela u Ivancu odr\u017eat \u0107e se u srijedu, 12. lipnja 2024. godine u Amfiteatru Srednje \u0161kole Ivanec s po\u010detkom u 18.00 sati.<\/p>\n<p><a href=\"https:\/\/glazbena.hr\/wp-content\/uploads\/2024\/06\/Zavrsni-koncert-IVANEC.pdf\" target=\"_blank\" rel=\"noopener\">Zavr\u0161ni koncert Podru\u010dni odjel u Ivancu<\/a><\/p>\n","protected":false},"excerpt":{"rendered":"<p>Zavr\u0161ni koncert u\u010denika glazbene \u0161kole, Podru\u010dnog odjela u Ivancu odr\u017eat \u0107e se u srijedu, 12. lipnja 2024. godine u Amfiteatru Srednje \u0161kole Ivanec s po\u010detkom u 18.00 sati. Zavr\u0161ni koncert Podru\u010dni odjel u Ivancu<\/p>\n","protected":false},"author":5,"featured_media":0,"comment_status":"closed","ping_status":"closed","sticky":false,"template":"","format":"standard","meta":{"footnotes":""},"categories":[65],"tags":[],"class_list":["post-31008","post","type-post","status-publish","format-standard","hentry","category-produkcije"],"translation":{"provider":"WPGlobus","version":"3.0.0","language":"gb","enabled_languages":["hr","gb"],"languages":{"hr":{"title":true,"content":true,"excerpt":false},"gb":{"title":false,"content":false,"excerpt":false}}},"_links":{"self":[{"href":"https:\/\/glazbena.hr\/gb\/wp-json\/wp\/v2\/posts\/31008","targetHints":{"allow":["GET"]}}],"collection":[{"href":"https:\/\/glazbena.hr\/gb\/wp-json\/wp\/v2\/posts"}],"about":[{"href":"https:\/\/glazbena.hr\/gb\/wp-json\/wp\/v2\/types\/post"}],"author":[{"embeddable":true,"href":"https:\/\/glazbena.hr\/gb\/wp-json\/wp\/v2\/users\/5"}],"replies":[{"embeddable":true,"href":"https:\/\/glazbena.hr\/gb\/wp-json\/wp\/v2\/comments?post=31008"}],"version-history":[{"count":3,"href":"https:\/\/glazbena.hr\/gb\/wp-json\/wp\/v2\/posts\/31008\/revisions"}],"predecessor-version":[{"id":31011,"href":"https:\/\/glazbena.hr\/gb\/wp-json\/wp\/v2\/posts\/31008\/revisions\/31011"}],"wp:attachment":[{"href":"https:\/\/glazbena.hr\/gb\/wp-json\/wp\/v2\/media?parent=31008"}],"wp:term":[{"taxonomy":"category","embeddable":true,"href":"https:\/\/glazbena.hr\/gb\/wp-json\/wp\/v2\/categories?post=31008"},{"taxonomy":"post_tag","embeddable":true,"href":"https:\/\/glazbena.hr\/gb\/wp-json\/wp\/v2\/tags?post=31008"}],"curies":[{"name":"wp","href":"https:\/\/api.w.org\/{rel}","templated":true}]}}