{"id":31041,"date":"2024-06-17T21:00:11","date_gmt":"2024-06-17T20:00:11","guid":{"rendered":"https:\/\/glazbena.hr\/?p=31041"},"modified":"2024-06-20T10:15:50","modified_gmt":"2024-06-20T09:15:50","slug":"rezultati-prijemne-audicije-podrucni-odjeli-glazbene-skole-u-varazdinu-2","status":"publish","type":"post","link":"https:\/\/glazbena.hr\/gb\/osnovna-glazbena\/rezultati-prijemne-audicije-podrucni-odjeli-glazbene-skole-u-varazdinu-2\/","title":{"rendered":"Rezultati prijemne audicije &#8211; podru\u010dni odjeli Glazbene \u0161kole u Vara\u017edinu"},"content":{"rendered":"<p><strong>Upisi u 1. razred osnovne glazbene \u0161kole Podru\u010dni odjel u Vara\u017edinskim Toplicama:<\/strong><\/p>\n<p>\u00b7 Utorak, 18. lipnja 2024. \u2013 od 16.00 do 17.30 u Podru\u010dnom odjelu u Vara\u017edinskim Toplicama<br \/>\nUpisati se mogu u\u010denici koji su iznad bodovne crte, uz napomenu da je mogu\u0107e da \u0107e se bodovna crta spu\u0161tati obzirom da je vi\u0161e kandidata na listi poretka za dva instrumenta, a upisat \u0107e jedan.<br \/>\nRoditelje u\u010denika koji \u0107e ostvariti pravo upisa spu\u0161tanjem bodovne crte kontaktirat \u0107emo odmah nakon pomicanja bodovne crte.<\/p>\n<p><a href=\"https:\/\/glazbena.hr\/wp-content\/uploads\/2024\/06\/Rezultati-Podrucni-odjel-u-Varazdinskim-Toplicama-u-sk.-god.-2024.2025-ljetni-upisni-rok.pdf\" target=\"_blank\" rel=\"noopener\">Rezultati &#8211; Podru\u010dni odjel u Vara\u017edinskim Toplicama u \u0161k. god. 2024.2025 &#8211; ljetni upisni rok<\/a><\/p>\n<p><strong>Upisi u 1. razred osnovne glazbene \u0161kole Podru\u010dni odjel u Lepoglavi:<\/strong><\/p>\n<p>\u00b7 Utorak, 18. lipnja 2024. \u2013 od 16.00 do 17.00 u Podru\u010dnom odjelu u Lepoglavi<br \/>\nUpisati se mogu u\u010denici koji su iznad bodovne crte, uz napomenu da je mogu\u0107e da \u0107e se bodovna crta spu\u0161tati obzirom da je vi\u0161e kandidata na listi poretka za dva instrumenta, a upisat \u0107e jedan.<br \/>\nRoditelje u\u010denika koji \u0107e ostvariti pravo upisa spu\u0161tanjem bodovne crte kontaktirat \u0107emo odmah nakon pomicanja bodovne crte.<\/p>\n<p><a href=\"https:\/\/glazbena.hr\/wp-content\/uploads\/2024\/06\/Rezultati-Podrucni-odjel-u-Lepoglavi-u-sk.-god.-2024.2025-ljetni-upisni-rok.pdf\" target=\"_blank\" rel=\"noopener\">Rezultati &#8211; Podru\u010dni odjel u Lepoglavi u \u0161k. god. 2024.2025 &#8211; ljetni upisni rok<\/a><\/p>\n<p><strong>Upisi u 1. razred osnovne glazbene \u0161kole Podru\u010dni odjel u Ivancu:<\/strong><\/p>\n<p>\u00b7 Utorak, 18. lipnja 2024.\u2013 od 16.00 do 19.00 u Podru\u010dnom odjelu u Ivancu<br \/>\nUpisati se mogu u\u010denici koji su iznad bodovne crte, uz napomenu da je mogu\u0107e da \u0107e se bodovna crta spu\u0161tati obzirom da je vi\u0161e kandidata na listi poretka za dva instrumenta, a upisat \u0107e jedan.<br \/>\nRoditelje u\u010denika koji \u0107e ostvariti pravo upisa spu\u0161tanjem bodovne crte kontaktirat \u0107emo odmah nakon pomicanja bodovne crte.<\/p>\n<p><a href=\"https:\/\/glazbena.hr\/wp-content\/uploads\/2024\/06\/Rezultati-Podrucni-odjel-u-Ivancu-u-sk.-god.-2024.2025-ljetni-upisni-rok.pdf\" target=\"_blank\" rel=\"noopener\">Rezultati &#8211; Podru\u010dni odjel u Ivancu u \u0161k. god. 2024.2025 &#8211; ljetni upisni rok<\/a><\/p>\n<p><strong>Upisi u 1. razred osnovne glazbene \u0161kole Podru\u010dni odjel u Cestici:<\/strong><\/p>\n<p>\u00b7 \u010cetvrtak, 20. lipnja 2024. \u2013 od 16.00 do 18.00 u Podru\u010dnom odjelu u Cestici<br \/>\nUpisati se mogu u\u010denici koji su iznad bodovne crte, uz napomenu da je mogu\u0107e da \u0107e se bodovna crta spu\u0161tati obzirom da je vi\u0161e kandidata na listi poretka za dva instrumenta, a upisat \u0107e jedan.<br \/>\nRoditelje u\u010denika koji \u0107e ostvariti pravo upisa spu\u0161tanjem bodovne crte kontaktirat \u0107emo odmah nakon pomicanja bodovne crte.<\/p>\n<p><a href=\"https:\/\/glazbena.hr\/wp-content\/uploads\/2024\/06\/Rezultati-Podrucni-odjel-u-Cestici-u-sk.-god.-2024-2025-ljetni-upisni-rok.pdf\" target=\"_blank\" rel=\"noopener\">Rezultati &#8211; Podru\u010dni odjel u Cestici u \u0161k. god. 2024-2025 ljetni upisni rok<\/a><\/p>\n","protected":false},"excerpt":{"rendered":"<p>Upisi u 1. razred osnovne glazbene \u0161kole Podru\u010dni odjel u Vara\u017edinskim Toplicama: \u00b7 Utorak, 18. lipnja 2024. \u2013 od 16.00 do 17.30 u Podru\u010dnom odjelu u Vara\u017edinskim Toplicama Upisati se mogu u\u010denici koji su iznad bodovne crte, uz napomenu da je mogu\u0107e da \u0107e se bodovna crta spu\u0161tati obzirom da je vi\u0161e kandidata na listi [&hellip;]<\/p>\n","protected":false},"author":5,"featured_media":0,"comment_status":"closed","ping_status":"closed","sticky":false,"template":"","format":"standard","meta":{"footnotes":""},"categories":[61],"tags":[],"class_list":["post-31041","post","type-post","status-publish","format-standard","hentry","category-osnovna-glazbena"],"translation":{"provider":"WPGlobus","version":"3.0.0","language":"gb","enabled_languages":["hr","gb"],"languages":{"hr":{"title":true,"content":true,"excerpt":false},"gb":{"title":false,"content":false,"excerpt":false}}},"_links":{"self":[{"href":"https:\/\/glazbena.hr\/gb\/wp-json\/wp\/v2\/posts\/31041","targetHints":{"allow":["GET"]}}],"collection":[{"href":"https:\/\/glazbena.hr\/gb\/wp-json\/wp\/v2\/posts"}],"about":[{"href":"https:\/\/glazbena.hr\/gb\/wp-json\/wp\/v2\/types\/post"}],"author":[{"embeddable":true,"href":"https:\/\/glazbena.hr\/gb\/wp-json\/wp\/v2\/users\/5"}],"replies":[{"embeddable":true,"href":"https:\/\/glazbena.hr\/gb\/wp-json\/wp\/v2\/comments?post=31041"}],"version-history":[{"count":4,"href":"https:\/\/glazbena.hr\/gb\/wp-json\/wp\/v2\/posts\/31041\/revisions"}],"predecessor-version":[{"id":31574,"href":"https:\/\/glazbena.hr\/gb\/wp-json\/wp\/v2\/posts\/31041\/revisions\/31574"}],"wp:attachment":[{"href":"https:\/\/glazbena.hr\/gb\/wp-json\/wp\/v2\/media?parent=31041"}],"wp:term":[{"taxonomy":"category","embeddable":true,"href":"https:\/\/glazbena.hr\/gb\/wp-json\/wp\/v2\/categories?post=31041"},{"taxonomy":"post_tag","embeddable":true,"href":"https:\/\/glazbena.hr\/gb\/wp-json\/wp\/v2\/tags?post=31041"}],"curies":[{"name":"wp","href":"https:\/\/api.w.org\/{rel}","templated":true}]}}