{"id":31046,"date":"2024-06-17T19:09:06","date_gmt":"2024-06-17T18:09:06","guid":{"rendered":"https:\/\/glazbena.hr\/?p=31046"},"modified":"2024-06-17T19:09:06","modified_gmt":"2024-06-17T18:09:06","slug":"solisticki-koncert-filipa-jaklina","status":"publish","type":"post","link":"https:\/\/glazbena.hr\/gb\/events\/solisticki-koncert-filipa-jaklina\/","title":{"rendered":"Solisti\u010dki koncert Filipa Jaklina"},"content":{"rendered":"<p>Filip Jaklin, u\u010denik klavira tre\u0107eg razreda osnovne glazbene \u0161kole u klasi nastavnice Lee \u0160antek, prof. savjetnice, odr\u017eat \u0107e svoj prvi solisti\u010dki koncert. Koncert \u0107e se odr\u017eati\u00a021. lipnja 2024. u 19:00 sati Velikoj koncertnoj dvorani Glazbene \u0161kole u Vara\u017edinu. Na koncertu \u0107e mu se kao posebna go\u0161\u0107a pridru\u017eiti mlada pijanistica i na\u0161a maturantica Lucija \u010cehok.<\/p>\n<p>Srda\u010dno vas pozivamo da podr\u017eite na\u0161e mlade talente i u\u017eivate u ve\u010deri ispunjenoj glazbom!<\/p>\n<p><img loading=\"lazy\" decoding=\"async\" class=\"alignnone size-medium wp-image-31047\" src=\"https:\/\/glazbena.hr\/wp-content\/uploads\/2024\/06\/Filip-Jaklin-21-6-2024-212x300.png\" alt=\"\" width=\"212\" height=\"300\" srcset=\"https:\/\/glazbena.hr\/wp-content\/uploads\/2024\/06\/Filip-Jaklin-21-6-2024-212x300.png 212w, https:\/\/glazbena.hr\/wp-content\/uploads\/2024\/06\/Filip-Jaklin-21-6-2024-724x1024.png 724w, https:\/\/glazbena.hr\/wp-content\/uploads\/2024\/06\/Filip-Jaklin-21-6-2024-768x1086.png 768w, https:\/\/glazbena.hr\/wp-content\/uploads\/2024\/06\/Filip-Jaklin-21-6-2024-1086x1536.png 1086w, https:\/\/glazbena.hr\/wp-content\/uploads\/2024\/06\/Filip-Jaklin-21-6-2024-1448x2048.png 1448w, https:\/\/glazbena.hr\/wp-content\/uploads\/2024\/06\/Filip-Jaklin-21-6-2024.png 1587w\" sizes=\"auto, (max-width: 212px) 100vw, 212px\" \/><\/p>\n<p>&nbsp;<\/p>\n","protected":false},"excerpt":{"rendered":"<p>Filip Jaklin, u\u010denik klavira tre\u0107eg razreda osnovne glazbene \u0161kole u klasi nastavnice Lee \u0160antek, prof. savjetnice, odr\u017eat \u0107e svoj prvi solisti\u010dki koncert. Koncert \u0107e se odr\u017eati\u00a021. lipnja 2024. u 19:00 sati Velikoj koncertnoj dvorani Glazbene \u0161kole u Vara\u017edinu. Na koncertu \u0107e mu se kao posebna go\u0161\u0107a pridru\u017eiti mlada pijanistica i na\u0161a maturantica Lucija \u010cehok. Srda\u010dno [&hellip;]<\/p>\n","protected":false},"author":5,"featured_media":0,"comment_status":"closed","ping_status":"closed","sticky":false,"template":"","format":"standard","meta":{"footnotes":""},"categories":[64],"tags":[],"class_list":["post-31046","post","type-post","status-publish","format-standard","hentry","category-najava-dogadanja"],"translation":{"provider":"WPGlobus","version":"3.0.0","language":"gb","enabled_languages":["hr","gb"],"languages":{"hr":{"title":true,"content":true,"excerpt":false},"gb":{"title":false,"content":false,"excerpt":false}}},"_links":{"self":[{"href":"https:\/\/glazbena.hr\/gb\/wp-json\/wp\/v2\/posts\/31046","targetHints":{"allow":["GET"]}}],"collection":[{"href":"https:\/\/glazbena.hr\/gb\/wp-json\/wp\/v2\/posts"}],"about":[{"href":"https:\/\/glazbena.hr\/gb\/wp-json\/wp\/v2\/types\/post"}],"author":[{"embeddable":true,"href":"https:\/\/glazbena.hr\/gb\/wp-json\/wp\/v2\/users\/5"}],"replies":[{"embeddable":true,"href":"https:\/\/glazbena.hr\/gb\/wp-json\/wp\/v2\/comments?post=31046"}],"version-history":[{"count":2,"href":"https:\/\/glazbena.hr\/gb\/wp-json\/wp\/v2\/posts\/31046\/revisions"}],"predecessor-version":[{"id":31049,"href":"https:\/\/glazbena.hr\/gb\/wp-json\/wp\/v2\/posts\/31046\/revisions\/31049"}],"wp:attachment":[{"href":"https:\/\/glazbena.hr\/gb\/wp-json\/wp\/v2\/media?parent=31046"}],"wp:term":[{"taxonomy":"category","embeddable":true,"href":"https:\/\/glazbena.hr\/gb\/wp-json\/wp\/v2\/categories?post=31046"},{"taxonomy":"post_tag","embeddable":true,"href":"https:\/\/glazbena.hr\/gb\/wp-json\/wp\/v2\/tags?post=31046"}],"curies":[{"name":"wp","href":"https:\/\/api.w.org\/{rel}","templated":true}]}}