{"id":3166,"date":"2019-01-17T13:55:57","date_gmt":"2019-01-17T11:55:57","guid":{"rendered":"https:\/\/glazbena.hr\/?p=3166"},"modified":"2019-01-17T13:55:57","modified_gmt":"2019-01-17T11:55:57","slug":"zlatni-zborovi","status":"publish","type":"post","link":"https:\/\/glazbena.hr\/gb\/events\/zlatni-zborovi\/","title":{"rendered":"Zlatni zborovi"},"content":{"rendered":"<p>U nedjelju,27. sije\u010dnja 2019. godine s po\u010detkom u 19 sati \u0107e se odr\u017eat Gala koncert &#8220;Zlatni zborovi&#8221;, a nastupiti \u0107e zborovi koji su na 14. natjecanju hrvatskih zborova osvojili zlatno priznanje.<\/p>\n<p>Dje\u010dji zbor starijeg uzrasta Glazbene \u0161kole u Vara\u017edinu \u0107e nastupiti u Koncertnoj dvorani Vatroslava Lisinskog pod vodstvom profesora Tomislava Cvrtile.<\/p>\n<p>Srda\u010dno Vas pozivamo!<\/p>\n<p><a href=\"https:\/\/glazbena.hr\/wp-content\/uploads\/2019\/01\/Zlatni-zborovi.jpg\"><img loading=\"lazy\" decoding=\"async\" class=\"aligncenter wp-image-3167 size-medium\" src=\"https:\/\/glazbena.hr\/wp-content\/uploads\/2019\/01\/Zlatni-zborovi-212x300.jpg\" alt=\"\" width=\"212\" height=\"300\" srcset=\"https:\/\/glazbena.hr\/wp-content\/uploads\/2019\/01\/Zlatni-zborovi-212x300.jpg 212w, https:\/\/glazbena.hr\/wp-content\/uploads\/2019\/01\/Zlatni-zborovi-768x1086.jpg 768w, https:\/\/glazbena.hr\/wp-content\/uploads\/2019\/01\/Zlatni-zborovi-724x1024.jpg 724w, https:\/\/glazbena.hr\/wp-content\/uploads\/2019\/01\/Zlatni-zborovi.jpg 1189w\" sizes=\"auto, (max-width: 212px) 100vw, 212px\" \/><\/a><\/p>\n","protected":false},"excerpt":{"rendered":"<p>U nedjelju,27. sije\u010dnja 2019. godine s po\u010detkom u 19 sati \u0107e se odr\u017eat Gala koncert &#8220;Zlatni zborovi&#8221;, a nastupiti \u0107e zborovi koji su na 14. natjecanju hrvatskih zborova osvojili zlatno priznanje. Dje\u010dji zbor starijeg uzrasta Glazbene \u0161kole u Vara\u017edinu \u0107e nastupiti u Koncertnoj dvorani Vatroslava Lisinskog pod vodstvom profesora Tomislava Cvrtile. Srda\u010dno Vas pozivamo!<\/p>\n","protected":false},"author":5,"featured_media":0,"comment_status":"closed","ping_status":"closed","sticky":false,"template":"","format":"standard","meta":{"footnotes":""},"categories":[64],"tags":[],"class_list":["post-3166","post","type-post","status-publish","format-standard","hentry","category-najava-dogadanja"],"translation":{"provider":"WPGlobus","version":"3.0.0","language":"gb","enabled_languages":["hr","gb"],"languages":{"hr":{"title":true,"content":true,"excerpt":false},"gb":{"title":false,"content":false,"excerpt":false}}},"_links":{"self":[{"href":"https:\/\/glazbena.hr\/gb\/wp-json\/wp\/v2\/posts\/3166","targetHints":{"allow":["GET"]}}],"collection":[{"href":"https:\/\/glazbena.hr\/gb\/wp-json\/wp\/v2\/posts"}],"about":[{"href":"https:\/\/glazbena.hr\/gb\/wp-json\/wp\/v2\/types\/post"}],"author":[{"embeddable":true,"href":"https:\/\/glazbena.hr\/gb\/wp-json\/wp\/v2\/users\/5"}],"replies":[{"embeddable":true,"href":"https:\/\/glazbena.hr\/gb\/wp-json\/wp\/v2\/comments?post=3166"}],"version-history":[{"count":0,"href":"https:\/\/glazbena.hr\/gb\/wp-json\/wp\/v2\/posts\/3166\/revisions"}],"wp:attachment":[{"href":"https:\/\/glazbena.hr\/gb\/wp-json\/wp\/v2\/media?parent=3166"}],"wp:term":[{"taxonomy":"category","embeddable":true,"href":"https:\/\/glazbena.hr\/gb\/wp-json\/wp\/v2\/categories?post=3166"},{"taxonomy":"post_tag","embeddable":true,"href":"https:\/\/glazbena.hr\/gb\/wp-json\/wp\/v2\/tags?post=3166"}],"curies":[{"name":"wp","href":"https:\/\/api.w.org\/{rel}","templated":true}]}}