{"id":3187,"date":"2019-01-24T17:24:37","date_gmt":"2019-01-24T15:24:37","guid":{"rendered":"https:\/\/glazbena.hr\/?p=3187"},"modified":"2019-02-01T12:36:59","modified_gmt":"2019-02-01T10:36:59","slug":"21-smotra-glazbenog-stvaralastva-djece-i-mladezi-varazdinske-zupanije","status":"publish","type":"post","link":"https:\/\/glazbena.hr\/gb\/events\/21-smotra-glazbenog-stvaralastva-djece-i-mladezi-varazdinske-zupanije\/","title":{"rendered":"21. smotra glazbenog stvarala\u0161tva djece i mlade\u017ei Vara\u017edinske \u017eupanije"},"content":{"rendered":"<p>Smotra glazbenog stvarala\u0161tva djece i mlade\u017ei Vara\u017edinske \u017eupanije po svom je zna\u010denju prikaz rada pjeva\u010dkih zborova i instrumentalnih ansambala djece i mlade\u017ei Vara\u017edinske \u017eupanije.<\/p>\n<p>21. smotra glazbenog stvarala\u0161tva djece i mlade\u017ei Vara\u017edinske \u017eupanije odr\u017eava se u Vara\u017edinu, 03. travnja 2019. godine. U nastavku se nalaze propozicije i prijavnica za smotru. Prijavnica za sudjelovanje na Smotri podnosi se do 28. velja\u010de 2019. godine.<\/p>\n<p>&nbsp;<\/p>\n<p><a href=\"https:\/\/glazbena.hr\/wp-content\/uploads\/2019\/01\/Prijavnica-21.-Smotra-glazbenog-stvarala\u0161tva-3.4.2019..doc\">Prijavnica &#8211; 21. Smotra glazbenog stvarala\u0161tva &#8211; 3.4.2019.<\/a><\/p>\n<p><a href=\"https:\/\/glazbena.hr\/wp-content\/uploads\/2019\/01\/Propozicije-21.-Smotre-glazbenog-stvarala\u0161tva-djece-i-mlade\u017ei-Vara\u017edinske-\u017eupanije-.pdf\">Propozicije 21. Smotre glazbenog stvarala\u0161tva djece i mlade\u017ei Vara\u017edinske \u017eupanije<\/a><\/p>\n","protected":false},"excerpt":{"rendered":"<p>Smotra glazbenog stvarala\u0161tva djece i mlade\u017ei Vara\u017edinske \u017eupanije po svom je zna\u010denju prikaz rada pjeva\u010dkih zborova i instrumentalnih ansambala djece i mlade\u017ei Vara\u017edinske \u017eupanije. 21. smotra glazbenog stvarala\u0161tva djece i mlade\u017ei Vara\u017edinske \u017eupanije odr\u017eava se u Vara\u017edinu, 03. travnja 2019. godine. U nastavku se nalaze propozicije i prijavnica za smotru. Prijavnica za sudjelovanje na Smotri [&hellip;]<\/p>\n","protected":false},"author":5,"featured_media":0,"comment_status":"closed","ping_status":"closed","sticky":false,"template":"","format":"standard","meta":{"footnotes":""},"categories":[64],"tags":[],"class_list":["post-3187","post","type-post","status-publish","format-standard","hentry","category-najava-dogadanja"],"translation":{"provider":"WPGlobus","version":"3.0.0","language":"gb","enabled_languages":["hr","gb"],"languages":{"hr":{"title":true,"content":true,"excerpt":false},"gb":{"title":false,"content":false,"excerpt":false}}},"_links":{"self":[{"href":"https:\/\/glazbena.hr\/gb\/wp-json\/wp\/v2\/posts\/3187","targetHints":{"allow":["GET"]}}],"collection":[{"href":"https:\/\/glazbena.hr\/gb\/wp-json\/wp\/v2\/posts"}],"about":[{"href":"https:\/\/glazbena.hr\/gb\/wp-json\/wp\/v2\/types\/post"}],"author":[{"embeddable":true,"href":"https:\/\/glazbena.hr\/gb\/wp-json\/wp\/v2\/users\/5"}],"replies":[{"embeddable":true,"href":"https:\/\/glazbena.hr\/gb\/wp-json\/wp\/v2\/comments?post=3187"}],"version-history":[{"count":0,"href":"https:\/\/glazbena.hr\/gb\/wp-json\/wp\/v2\/posts\/3187\/revisions"}],"wp:attachment":[{"href":"https:\/\/glazbena.hr\/gb\/wp-json\/wp\/v2\/media?parent=3187"}],"wp:term":[{"taxonomy":"category","embeddable":true,"href":"https:\/\/glazbena.hr\/gb\/wp-json\/wp\/v2\/categories?post=3187"},{"taxonomy":"post_tag","embeddable":true,"href":"https:\/\/glazbena.hr\/gb\/wp-json\/wp\/v2\/tags?post=3187"}],"curies":[{"name":"wp","href":"https:\/\/api.w.org\/{rel}","templated":true}]}}