{"id":3199,"date":"2019-01-25T13:31:58","date_gmt":"2019-01-25T11:31:58","guid":{"rendered":"https:\/\/glazbena.hr\/?p=3199"},"modified":"2019-01-25T13:31:58","modified_gmt":"2019-01-25T11:31:58","slug":"poziv-na-18-sjednicu-skolskog-odbora","status":"publish","type":"post","link":"https:\/\/glazbena.hr\/gb\/sjednice-skolskog-odbora\/poziv-na-18-sjednicu-skolskog-odbora\/","title":{"rendered":"Poziv na 18. sjednicu \u0160kolskog odbora"},"content":{"rendered":"<p><a href=\"https:\/\/glazbena.hr\/wp-content\/uploads\/2019\/01\/Poziv-na-18.-sjednicu-\u0160kolskog-odbora-Glazbene-\u0161kole-u-Vara\u017edinu-30.05.2018..pdf\">Poziv na 18. sjednicu \u0160kolskog odbora Glazbene \u0161kole u Vara\u017edinu &#8211; 30.05.2018.<\/a><\/p>\n","protected":false},"excerpt":{"rendered":"<p>Poziv na 18. sjednicu \u0160kolskog odbora Glazbene \u0161kole u Vara\u017edinu &#8211; 30.05.2018.<\/p>\n","protected":false},"author":5,"featured_media":0,"comment_status":"closed","ping_status":"closed","sticky":false,"template":"","format":"standard","meta":{"footnotes":""},"categories":[59],"tags":[],"class_list":["post-3199","post","type-post","status-publish","format-standard","hentry","category-sjednice-skolskog-odbora"],"translation":{"provider":"WPGlobus","version":"3.0.0","language":"gb","enabled_languages":["hr","gb"],"languages":{"hr":{"title":true,"content":true,"excerpt":false},"gb":{"title":false,"content":false,"excerpt":false}}},"_links":{"self":[{"href":"https:\/\/glazbena.hr\/gb\/wp-json\/wp\/v2\/posts\/3199","targetHints":{"allow":["GET"]}}],"collection":[{"href":"https:\/\/glazbena.hr\/gb\/wp-json\/wp\/v2\/posts"}],"about":[{"href":"https:\/\/glazbena.hr\/gb\/wp-json\/wp\/v2\/types\/post"}],"author":[{"embeddable":true,"href":"https:\/\/glazbena.hr\/gb\/wp-json\/wp\/v2\/users\/5"}],"replies":[{"embeddable":true,"href":"https:\/\/glazbena.hr\/gb\/wp-json\/wp\/v2\/comments?post=3199"}],"version-history":[{"count":0,"href":"https:\/\/glazbena.hr\/gb\/wp-json\/wp\/v2\/posts\/3199\/revisions"}],"wp:attachment":[{"href":"https:\/\/glazbena.hr\/gb\/wp-json\/wp\/v2\/media?parent=3199"}],"wp:term":[{"taxonomy":"category","embeddable":true,"href":"https:\/\/glazbena.hr\/gb\/wp-json\/wp\/v2\/categories?post=3199"},{"taxonomy":"post_tag","embeddable":true,"href":"https:\/\/glazbena.hr\/gb\/wp-json\/wp\/v2\/tags?post=3199"}],"curies":[{"name":"wp","href":"https:\/\/api.w.org\/{rel}","templated":true}]}}