{"id":32440,"date":"2024-09-22T08:02:24","date_gmt":"2024-09-22T07:02:24","guid":{"rendered":"https:\/\/glazbena.hr\/?p=32440"},"modified":"2024-09-22T08:02:24","modified_gmt":"2024-09-22T07:02:24","slug":"konferencija-udruge-young-music-talents-europe-i-koncert-mladih-europskih-talenata-na-varazdinskim-baroknim-vecerima","status":"publish","type":"post","link":"https:\/\/glazbena.hr\/gb\/events\/konferencija-udruge-young-music-talents-europe-i-koncert-mladih-europskih-talenata-na-varazdinskim-baroknim-vecerima\/","title":{"rendered":"Konferencija udruge Young Music Talents Europe i koncert Mladih europskih talenata na Vara\u017edinskim baroknim ve\u010derima"},"content":{"rendered":"<p>Glazbena \u0161kola u Vara\u017edinu prepoznata je kao centar za \u0161kolovanje talentiranih mladih umjetnika, \u0161kola u kojoj \u0161kolovanje nastavljaju u\u010denici iz cijele Hrvatske i inozemstva. Kroz godine svog rada narasla je u respektabilnu obrazovnu instituciju, \u010diji u\u010denici osvajaju brojne nagrade i zapa\u017eene nastupe, a doma\u0107in je i velikim me\u0111unarodnim natjecanjima. Od svog osnutka 1828. godine pa do danas, \u0160kola bilje\u017ei strelovit razvoj te se kontinuirano razvija na svim podru\u010djima. Danas Glazbena \u0161kola u Vara\u017edinu broji vi\u0161e od 850 u\u010denika u pred\u0161kolskim programima, osnovnoj i srednjoj glazbenoj \u0161koli, a organizira oko 200 doga\u0111anja godi\u0161nje. Glazbena \u0161kola u Vara\u017edinu je 2022. godine postala \u010dlanicom udruge Young Music Talents Europe, nakon uspje\u0161no odr\u017eanog Erasmus+ projekta Glazbene \u0161kole u Vara\u017edinu i \u0160kole za mlade talente (School for Young Talent) u Den Haagu, gdje je sjedi\u0161te Udruge. Sama \u0160kola u Haagu sastavni je dio Kraljevskog konzervatorija. U vrijeme odr\u017eavanja 54. Vara\u017edinskih baroknih ve\u010deri 2024. u Glazbenoj \u0161koli u Vara\u017edinu \u0107e se odr\u017eati godi\u0161nja konferencija udruge YMTE \u0161to za vara\u017edinsku Glazbenu \u0161kolu predstavlja veliku \u010dast, a za na\u0161u \u0161kolu od iznimne je va\u017enosti \u0161to \u0107e upravo ova konferencija u Vara\u017edinu ugostiti \u010delne ljude iz AEC-a i EMU-a, najva\u017enijih udru\u017eenja ustanova unutar glazbeno-odgojnog sustava u Europi.\u201c<br \/>\nAEC, Association Europ\u00e9enne des Conservatoires, Acad\u00e9mies de Musique et Musikhochschulen europska je kulturna i obrazovna mre\u017ea s oko 300 institucija \u010dlanica za profesionalno glazbeno usavr\u0161avanje u 57 zemalja. AEC razumije i podr\u017eava glazbeno i umjetni\u010dko obrazovanje, zajedno s kulturnim djelovanjem koji doprinose kvaliteti ljudskog \u017eivota i uklju\u010divim dru\u0161tvima utemeljenim na demokratskim vrijednostima. \u00adEMU, Europska unija glazbenih \u0161kola (EMU) europska je krovna organizacija nacionalnih udruga glazbenih \u0161kola u Europi. EMU je nevladina i neprofitna organizacija. EMU predstavlja platformu koju \u010dine udruge \u010dlanice iz razli\u010ditih zemalja, a okuplja 26 nacionalnih udruga i predstavlja 6 000 glazbenih i umjetni\u010dkih \u0161kola, 150 000 stru\u010dnjaka i 4 milijuna studenata.<br \/>\nNa konferenciji koja \u0107e se u Glazbenoj \u0161koli odr\u017eati od 23. do 25. rujna sudjelovati \u0107e 40-tak sudionika, ravnatelji i projektni manageri glazbenih \u0161kola i konzervatorija, nekih od najeminentnijih u Europi \u2013 Royal Irish Academy of Music &#8211; Junior RIAM, School for Young Talent, Barratt Due Institute of Music, IEA Oriol Martorell, Barcelona, EBELU, Eberhard-Ludwigs-Gymnasium, Stuttgart, Musikgymansium C.P.E. Bach, Conservatorio Profesional de M\u00fasica Costa del Sol, Conservatorio della Svizzera Italiana in Lugano, East Helsinki Music Institute, Heino Eller Music School, Johan-Joseph-Fux-Konservatorium Graz, Escola Profissional de Artes da Covilh\u00e3, Winterthur Conservatory, Detmold Young Students Institute, S\u00e4chsisches Landesgymnasium f\u00fcr Musik, Conservatory for Music and Ballet Maribor, DUMBUC, Ilija Nikolovski Luj iz Makedonije, Glazbena \u0161kola Josip Hatze iz Splita.<\/p>\n","protected":false},"excerpt":{"rendered":"<p>Glazbena \u0161kola u Vara\u017edinu prepoznata je kao centar za \u0161kolovanje talentiranih mladih umjetnika, \u0161kola u kojoj \u0161kolovanje nastavljaju u\u010denici iz cijele Hrvatske i inozemstva. Kroz godine svog rada narasla je u respektabilnu obrazovnu instituciju, \u010diji u\u010denici osvajaju brojne nagrade i zapa\u017eene nastupe, a doma\u0107in je i velikim me\u0111unarodnim natjecanjima. Od svog osnutka 1828. godine pa [&hellip;]<\/p>\n","protected":false},"author":5,"featured_media":0,"comment_status":"closed","ping_status":"closed","sticky":false,"template":"","format":"standard","meta":{"footnotes":""},"categories":[64],"tags":[],"class_list":["post-32440","post","type-post","status-publish","format-standard","hentry","category-najava-dogadanja"],"translation":{"provider":"WPGlobus","version":"3.0.0","language":"gb","enabled_languages":["hr","gb"],"languages":{"hr":{"title":true,"content":true,"excerpt":false},"gb":{"title":false,"content":false,"excerpt":false}}},"_links":{"self":[{"href":"https:\/\/glazbena.hr\/gb\/wp-json\/wp\/v2\/posts\/32440","targetHints":{"allow":["GET"]}}],"collection":[{"href":"https:\/\/glazbena.hr\/gb\/wp-json\/wp\/v2\/posts"}],"about":[{"href":"https:\/\/glazbena.hr\/gb\/wp-json\/wp\/v2\/types\/post"}],"author":[{"embeddable":true,"href":"https:\/\/glazbena.hr\/gb\/wp-json\/wp\/v2\/users\/5"}],"replies":[{"embeddable":true,"href":"https:\/\/glazbena.hr\/gb\/wp-json\/wp\/v2\/comments?post=32440"}],"version-history":[{"count":2,"href":"https:\/\/glazbena.hr\/gb\/wp-json\/wp\/v2\/posts\/32440\/revisions"}],"predecessor-version":[{"id":32442,"href":"https:\/\/glazbena.hr\/gb\/wp-json\/wp\/v2\/posts\/32440\/revisions\/32442"}],"wp:attachment":[{"href":"https:\/\/glazbena.hr\/gb\/wp-json\/wp\/v2\/media?parent=32440"}],"wp:term":[{"taxonomy":"category","embeddable":true,"href":"https:\/\/glazbena.hr\/gb\/wp-json\/wp\/v2\/categories?post=32440"},{"taxonomy":"post_tag","embeddable":true,"href":"https:\/\/glazbena.hr\/gb\/wp-json\/wp\/v2\/tags?post=32440"}],"curies":[{"name":"wp","href":"https:\/\/api.w.org\/{rel}","templated":true}]}}