{"id":32986,"date":"2024-10-08T15:15:59","date_gmt":"2024-10-08T14:15:59","guid":{"rendered":"https:\/\/glazbena.hr\/?p=32986"},"modified":"2024-10-08T15:15:59","modified_gmt":"2024-10-08T14:15:59","slug":"podij-mladih-glazbenika-david-vukovic","status":"publish","type":"post","link":"https:\/\/glazbena.hr\/gb\/events\/podij-mladih-glazbenika-david-vukovic\/","title":{"rendered":"Podij mladih glazbenika &#8211; David Vukovi\u0107"},"content":{"rendered":"<p>U petak, 11.10. u 19 sati \u0107e se u koncertnoj dvorani Glazbene \u0161kole u Vara\u017edinu u sklopu zajedni\u010dkog ciklusa Podij mladih glazbenika, publici predstaviti mladi pijanist David Vukovi\u0107.<br \/>\nDavid Vukovi\u0107 ro\u0111en je 1996. u \u010cakovcu u kojem je u dobi od deset godina po\u010deo u\u010diti klavir. Po zavr\u0161etku osnovne \u0161kole u klasi prof. Daniela Maria Novaka obrazovanje nastavlja u klasi prof. Lee \u0160antek u Vara\u017edinu, a diplomu dobiva u Zagrebu 2021. uz summa cum laude kao student profesora \u0110or\u0111a Stanettija. Akademsku godinu 2018.\/19. proveo je na Musik und Kunst Privatuniversit\u00e4t der Stadt Wien u Be\u010du u klasi prof. Doris Adam kao stipendista Erasmus+ programa.<br \/>\nDobitnik je niza nagrada na pijanisti\u010dkim natjecanjima od kojih se isti\u010du prve nagrade na dr\u017eavnim natjecanjima HDGPP-a u disciplini klavir solo i glasovirska dua, Specijalna nagrada HDS-a za najbolju izvedbu skladbe hrvatskog autora na me\u0111unarodnom natjecanju EPTA-e u Osijeku, te dvije prve nagrade na me\u0111unarodnom natjecanju Memorijal Jurica Murai u Vara\u017edinu. Tako\u0111er, dobitnik je Rektorove nagrade za izvedbu<br \/>\nBeethovenovog 4. klavirskog koncerta uz pratnju Zagreba\u010dke filharmonije te je ostvario zna\u010dajne solisti\u010dke nastupe uz pratnju Zagreba\u010dkih solista, Vara\u017edinskog komornog orkestra te Tambura\u0161kog orkestra Hrvatske radiotelevizije.<br \/>\nOsim kao solist, David se kroz redovite suradnje s vrsnim instrumentalnim i vokalnim glazbenicima ostvaruje i kao komorni glazbenik, ostvariv\u0161i brojne zapa\u017eene nastupe i vi\u0161e studijskih snimanja za arhivu HRT-a. Komornim muziciranjem se intenzivno po\u010deo baviti za vrijeme studija, ponajvi\u0161e kao \u010dlan sastava Trio Eusebius (uz violinisticu Evu \u0160uli\u0107 i violon\u010delisticu Tonku Javorovi\u0107) osnovanog 2017. pod vodstvom prof. Pavla Zajceva, s kojim je ostvario zna\u010dajan uspjeh pobjedama na natjecanjima Papandopulo, Ferdo Livadi\u0107 i Darko Luki\u0107. Trio Eusebius ostvario je zapa\u017eene nastupe na svim ve\u0107im hrvatskim festivalima kao \u0161to su Dubrova\u010dke ljetne igre, Osorske glazbene ve\u010deri, Samoborska glazbena jesen, Muzi\u010dko biennale Zagreb i mnogi drugi, te je dobitnik Dekanove nagrade za ostvarenja u akademskoj godini 2018.\/2019..<br \/>\nDavid je trenutno zaposlen kao nastavnik klavira, komorne glazbe i korepeticije u Glazbenoj \u0161koli u Vara\u017edinu, te kao asistent klavira na Sveu\u010dili\u0161tu Sjever.<\/p>\n<p>&nbsp;<\/p>\n<p><img loading=\"lazy\" decoding=\"async\" class=\"alignnone wp-image-32987 size-medium\" src=\"https:\/\/glazbena.hr\/wp-content\/uploads\/2024\/10\/WhatsApp-Image-2024-10-03-at-15.43.16-214x300.jpeg\" alt=\"\" width=\"214\" height=\"300\" srcset=\"https:\/\/glazbena.hr\/wp-content\/uploads\/2024\/10\/WhatsApp-Image-2024-10-03-at-15.43.16-214x300.jpeg 214w, https:\/\/glazbena.hr\/wp-content\/uploads\/2024\/10\/WhatsApp-Image-2024-10-03-at-15.43.16-731x1024.jpeg 731w, https:\/\/glazbena.hr\/wp-content\/uploads\/2024\/10\/WhatsApp-Image-2024-10-03-at-15.43.16-768x1076.jpeg 768w, https:\/\/glazbena.hr\/wp-content\/uploads\/2024\/10\/WhatsApp-Image-2024-10-03-at-15.43.16-1096x1536.jpeg 1096w, https:\/\/glazbena.hr\/wp-content\/uploads\/2024\/10\/WhatsApp-Image-2024-10-03-at-15.43.16.jpeg 1142w\" sizes=\"auto, (max-width: 214px) 100vw, 214px\" \/><\/p>\n","protected":false},"excerpt":{"rendered":"<p>U petak, 11.10. u 19 sati \u0107e se u koncertnoj dvorani Glazbene \u0161kole u Vara\u017edinu u sklopu zajedni\u010dkog ciklusa Podij mladih glazbenika, publici predstaviti mladi pijanist David Vukovi\u0107. David Vukovi\u0107 ro\u0111en je 1996. u \u010cakovcu u kojem je u dobi od deset godina po\u010deo u\u010diti klavir. Po zavr\u0161etku osnovne \u0161kole u klasi prof. Daniela Maria [&hellip;]<\/p>\n","protected":false},"author":5,"featured_media":0,"comment_status":"closed","ping_status":"closed","sticky":false,"template":"","format":"standard","meta":{"footnotes":""},"categories":[64],"tags":[],"class_list":["post-32986","post","type-post","status-publish","format-standard","hentry","category-najava-dogadanja"],"translation":{"provider":"WPGlobus","version":"3.0.0","language":"gb","enabled_languages":["hr","gb"],"languages":{"hr":{"title":true,"content":true,"excerpt":false},"gb":{"title":false,"content":false,"excerpt":false}}},"_links":{"self":[{"href":"https:\/\/glazbena.hr\/gb\/wp-json\/wp\/v2\/posts\/32986","targetHints":{"allow":["GET"]}}],"collection":[{"href":"https:\/\/glazbena.hr\/gb\/wp-json\/wp\/v2\/posts"}],"about":[{"href":"https:\/\/glazbena.hr\/gb\/wp-json\/wp\/v2\/types\/post"}],"author":[{"embeddable":true,"href":"https:\/\/glazbena.hr\/gb\/wp-json\/wp\/v2\/users\/5"}],"replies":[{"embeddable":true,"href":"https:\/\/glazbena.hr\/gb\/wp-json\/wp\/v2\/comments?post=32986"}],"version-history":[{"count":2,"href":"https:\/\/glazbena.hr\/gb\/wp-json\/wp\/v2\/posts\/32986\/revisions"}],"predecessor-version":[{"id":32989,"href":"https:\/\/glazbena.hr\/gb\/wp-json\/wp\/v2\/posts\/32986\/revisions\/32989"}],"wp:attachment":[{"href":"https:\/\/glazbena.hr\/gb\/wp-json\/wp\/v2\/media?parent=32986"}],"wp:term":[{"taxonomy":"category","embeddable":true,"href":"https:\/\/glazbena.hr\/gb\/wp-json\/wp\/v2\/categories?post=32986"},{"taxonomy":"post_tag","embeddable":true,"href":"https:\/\/glazbena.hr\/gb\/wp-json\/wp\/v2\/tags?post=32986"}],"curies":[{"name":"wp","href":"https:\/\/api.w.org\/{rel}","templated":true}]}}