{"id":3334,"date":"2019-02-09T16:45:49","date_gmt":"2019-02-09T14:45:49","guid":{"rendered":"https:\/\/glazbena.hr\/?p=3334"},"modified":"2019-02-09T16:45:49","modified_gmt":"2019-02-09T14:45:49","slug":"srijeda-u-muzeju-190-godina-djelovanja-glazbene-skole-u-varazdinu","status":"publish","type":"post","link":"https:\/\/glazbena.hr\/gb\/events\/srijeda-u-muzeju-190-godina-djelovanja-glazbene-skole-u-varazdinu\/","title":{"rendered":"Srijeda u muzeju &#8211; 190 godina djelovanja Glazbene \u0161kole u Vara\u017edinu"},"content":{"rendered":"<p>U sklopu Srijede u Muzeju 13. velja\u010de, u pala\u010di Sermage organizira se razgled izlo\u017ebe Glazbena \u0161kola u Vara\u017edinu \u2013 190 godina djelovanja, uz vodstvo autorice Jelene Ran\u010di\u0107, kustosice u Gradskom muzeju u Vara\u017edinu.<br \/>\nPrigodna izlo\u017eba o 190 godina rada vara\u017edinske Glazbene \u0161kole otvorena je u prosincu pro\u0161le godine kao posveta u\u010diteljima i u\u010denicima, glazbenicima i skladateljima i svima onima koji su kroz to razdoblje osnovali, odr\u017eali i vodili ovu znamenitu vara\u017edinsku obrazovno-kulturnu ustanovu.\u00a0Izlo\u017eba obuhva\u0107a dvjestotinjak predmeta iz fundusa Gradskog muzeja Vara\u017edin, arhiva Glazbene \u0161kole u Vara\u017edinu, Etnografskog muzeja u Zagrebu, Muzeja za umjetnost i obrt, Dr\u017eavnog arhiva u Vara\u017edinu i privatnog vlasni\u0161tva, kojima se javnosti \u017eele pribli\u017eiti va\u017ene osobe, doga\u0111aji i prijelomni trenuci iz povijesti rada vara\u017edinske Glazbene \u0161kole. Uz uvodni dio posve\u0107en glazbi kao elementarnoj potrebi u svim ljudskim kulturama i civilizacijama, zastupljene su i cjeline o Musikvereinu i osnutku Glazbene \u0161kole te njezinu djelovanju u drugoj polovici 20. stolje\u0107a i radu ove kulturno-obrazovne ustanove kao suvremene \u0161kole 21. stolje\u0107a. Izlo\u017eba je upotpunjena i video-projekcijama i ure\u0111ajima za reprodukciju glazbe, s odabranim glazbenim primjerima, koji pojedinim izlo\u0161cima daju klju\u010dnu auditivnu komponentu, va\u017enu za o\u017eivljavanje i razumijevanje, dok su neki likovni primjeri odabrani kao ilustracija glazbenog jezika.<\/p>\n<p>Razgled izlo\u017ebe po\u010dinje u 19 sati, a ulaz je besplatan.<\/p>\n<p>&nbsp;<\/p>\n<p><a href=\"https:\/\/glazbena.hr\/wp-content\/uploads\/2019\/02\/Srijeda-u-muzeju.jpg\"><img loading=\"lazy\" decoding=\"async\" class=\"aligncenter wp-image-3335 size-large\" src=\"https:\/\/glazbena.hr\/wp-content\/uploads\/2019\/02\/Srijeda-u-muzeju-810x1024.jpg\" alt=\"\" width=\"810\" height=\"1024\" srcset=\"https:\/\/glazbena.hr\/wp-content\/uploads\/2019\/02\/Srijeda-u-muzeju-810x1024.jpg 810w, https:\/\/glazbena.hr\/wp-content\/uploads\/2019\/02\/Srijeda-u-muzeju-237x300.jpg 237w, https:\/\/glazbena.hr\/wp-content\/uploads\/2019\/02\/Srijeda-u-muzeju-768x971.jpg 768w, https:\/\/glazbena.hr\/wp-content\/uploads\/2019\/02\/Srijeda-u-muzeju.jpg 1183w\" sizes=\"auto, (max-width: 810px) 100vw, 810px\" \/><\/a><\/p>\n","protected":false},"excerpt":{"rendered":"<p>U sklopu Srijede u Muzeju 13. velja\u010de, u pala\u010di Sermage organizira se razgled izlo\u017ebe Glazbena \u0161kola u Vara\u017edinu \u2013 190 godina djelovanja, uz vodstvo autorice Jelene Ran\u010di\u0107, kustosice u Gradskom muzeju u Vara\u017edinu. Prigodna izlo\u017eba o 190 godina rada vara\u017edinske Glazbene \u0161kole otvorena je u prosincu pro\u0161le godine kao posveta u\u010diteljima i u\u010denicima, glazbenicima i [&hellip;]<\/p>\n","protected":false},"author":5,"featured_media":0,"comment_status":"closed","ping_status":"closed","sticky":false,"template":"","format":"standard","meta":{"footnotes":""},"categories":[64],"tags":[],"class_list":["post-3334","post","type-post","status-publish","format-standard","hentry","category-najava-dogadanja"],"translation":{"provider":"WPGlobus","version":"3.0.0","language":"gb","enabled_languages":["hr","gb"],"languages":{"hr":{"title":true,"content":true,"excerpt":false},"gb":{"title":false,"content":false,"excerpt":false}}},"_links":{"self":[{"href":"https:\/\/glazbena.hr\/gb\/wp-json\/wp\/v2\/posts\/3334","targetHints":{"allow":["GET"]}}],"collection":[{"href":"https:\/\/glazbena.hr\/gb\/wp-json\/wp\/v2\/posts"}],"about":[{"href":"https:\/\/glazbena.hr\/gb\/wp-json\/wp\/v2\/types\/post"}],"author":[{"embeddable":true,"href":"https:\/\/glazbena.hr\/gb\/wp-json\/wp\/v2\/users\/5"}],"replies":[{"embeddable":true,"href":"https:\/\/glazbena.hr\/gb\/wp-json\/wp\/v2\/comments?post=3334"}],"version-history":[{"count":0,"href":"https:\/\/glazbena.hr\/gb\/wp-json\/wp\/v2\/posts\/3334\/revisions"}],"wp:attachment":[{"href":"https:\/\/glazbena.hr\/gb\/wp-json\/wp\/v2\/media?parent=3334"}],"wp:term":[{"taxonomy":"category","embeddable":true,"href":"https:\/\/glazbena.hr\/gb\/wp-json\/wp\/v2\/categories?post=3334"},{"taxonomy":"post_tag","embeddable":true,"href":"https:\/\/glazbena.hr\/gb\/wp-json\/wp\/v2\/tags?post=3334"}],"curies":[{"name":"wp","href":"https:\/\/api.w.org\/{rel}","templated":true}]}}