{"id":3348,"date":"2019-02-11T13:14:50","date_gmt":"2019-02-11T11:14:50","guid":{"rendered":"https:\/\/glazbena.hr\/?p=3348"},"modified":"2019-02-11T13:14:50","modified_gmt":"2019-02-11T11:14:50","slug":"produkcije-odjela-za-klavir-4","status":"publish","type":"post","link":"https:\/\/glazbena.hr\/gb\/produkcije\/produkcije-odjela-za-klavir-4\/","title":{"rendered":"Produkcije odjela za klavir"},"content":{"rendered":"<p>Produkcija odjela za klavir odr\u017eat \u0107e se u \u010detvrtak, 14. velja\u010de 2019. u Velikoj koncertnoj dvorani Glazbene \u0161kole u Vara\u017edinu.\u00a0Prva produkcija \u0107e se odr\u017eati u 16:30, a druga u 18:00 sati.<\/p>\n<p><a href=\"https:\/\/glazbena.hr\/wp-content\/uploads\/2019\/02\/Klavirska-produkcija-14.02-prvi-dio.pdf\">Klavirska produkcija 14.02 &#8211; prvi dio<\/a><\/p>\n<p><a href=\"https:\/\/glazbena.hr\/wp-content\/uploads\/2019\/02\/Klavirska-produkcija-14.02.-drugi-dio.pdf\">Klavirska produkcija 14.02. &#8211; drugi dio<\/a><\/p>\n","protected":false},"excerpt":{"rendered":"<p>Produkcija odjela za klavir odr\u017eat \u0107e se u \u010detvrtak, 14. velja\u010de 2019. u Velikoj koncertnoj dvorani Glazbene \u0161kole u Vara\u017edinu.\u00a0Prva produkcija \u0107e se odr\u017eati u 16:30, a druga u 18:00 sati. Klavirska produkcija 14.02 &#8211; prvi dio Klavirska produkcija 14.02. &#8211; drugi dio<\/p>\n","protected":false},"author":5,"featured_media":0,"comment_status":"closed","ping_status":"closed","sticky":false,"template":"","format":"standard","meta":{"footnotes":""},"categories":[65],"tags":[],"class_list":["post-3348","post","type-post","status-publish","format-standard","hentry","category-produkcije"],"translation":{"provider":"WPGlobus","version":"3.0.0","language":"gb","enabled_languages":["hr","gb"],"languages":{"hr":{"title":true,"content":true,"excerpt":false},"gb":{"title":false,"content":false,"excerpt":false}}},"_links":{"self":[{"href":"https:\/\/glazbena.hr\/gb\/wp-json\/wp\/v2\/posts\/3348","targetHints":{"allow":["GET"]}}],"collection":[{"href":"https:\/\/glazbena.hr\/gb\/wp-json\/wp\/v2\/posts"}],"about":[{"href":"https:\/\/glazbena.hr\/gb\/wp-json\/wp\/v2\/types\/post"}],"author":[{"embeddable":true,"href":"https:\/\/glazbena.hr\/gb\/wp-json\/wp\/v2\/users\/5"}],"replies":[{"embeddable":true,"href":"https:\/\/glazbena.hr\/gb\/wp-json\/wp\/v2\/comments?post=3348"}],"version-history":[{"count":0,"href":"https:\/\/glazbena.hr\/gb\/wp-json\/wp\/v2\/posts\/3348\/revisions"}],"wp:attachment":[{"href":"https:\/\/glazbena.hr\/gb\/wp-json\/wp\/v2\/media?parent=3348"}],"wp:term":[{"taxonomy":"category","embeddable":true,"href":"https:\/\/glazbena.hr\/gb\/wp-json\/wp\/v2\/categories?post=3348"},{"taxonomy":"post_tag","embeddable":true,"href":"https:\/\/glazbena.hr\/gb\/wp-json\/wp\/v2\/tags?post=3348"}],"curies":[{"name":"wp","href":"https:\/\/api.w.org\/{rel}","templated":true}]}}