{"id":3404,"date":"2019-02-18T15:41:10","date_gmt":"2019-02-18T13:41:10","guid":{"rendered":"https:\/\/glazbena.hr\/?p=3404"},"modified":"2019-02-18T15:41:10","modified_gmt":"2019-02-18T13:41:10","slug":"koncert-kresimira-bedeka-u-glazbenoj-skoli-u-varazdinu","status":"publish","type":"post","link":"https:\/\/glazbena.hr\/gb\/events\/koncert-kresimira-bedeka-u-glazbenoj-skoli-u-varazdinu\/","title":{"rendered":"Koncert Kre\u0161imira Bedeka u Glazbenoj \u0161koli u Vara\u017edinu"},"content":{"rendered":"<p>U srijedu, 20. velja\u010de 2019. u Velikoj koncertnoj dvorani Glazbene \u0161kole u Vara\u017edinu s po\u010detkom u 19,00 sati koncert \u0107e odr\u017eati Kre\u0161imir Bedek, istaknuti hrvatski gitarist.<\/p>\n<p>Diplomirao je gitaru u klasi Darka Petrinjaka na Muzi\u010dkoj akademiji u Zagrebu. Postdiplomski studij zavr\u0161io je u Nizozemskoj u klasi Zorana Duki\u0107a na Kraljevskom konzervatoriju u Den Haagu. Docent je na Muzi\u010dkoj akademiji u Zagrebu.<\/p>\n<p>Nastupao je u Hrvatskoj, Nizozemskoj, Belgiji, Njema\u010dkoj, \u0160panjolskoj, Portugalu, Izraelu, Estoniji i Rusiji, sviraju\u0107i solisti\u010dki, uz orkestre i u razli\u010ditim komornim sastavima.\u00a0 Dobitnik je brojnih nagrada i priznanja u Hrvatskoj i u inozemstvu. Na 42.tribini mladih umjetnika Darko Luki\u0107 osvojio je glavnu nagradu te nagradu Koncertne dvorane Vatroslava Lisinskog, a zaposlen kao asistent na Muzi\u010dkoj akademiji u Zagrebu primio je Godi\u0161nju nagradu Dru\u0161tva sveu\u010dili\u0161nih nastavnika i drugih znanstvenika u Zagrebu za 2010. godinu.<br \/>\nDvostruki je laureat presti\u017enog me\u0111unarodnog natjecanja Printemps de la guitarre (Charleroi, Belgija, 2006. i 2008.) i pobjednik je me\u0111unarodnih gitaristi\u010dkih natjecanja Guitar and Chamber Music Festival Zwolle i Scharpach gitaar concurs (oboje Nizozemska 2006.), Guitarmania (Almada, Portugal, 2007.) te Certamen Internacional de Guitarra de Barcelona &#8216;Miguel Llobet&#8217; (2008.).<\/p>\n<p><a href=\"https:\/\/glazbena.hr\/wp-content\/uploads\/2019\/02\/Program-koncerta.pdf\">Program koncerta<\/a><\/p>\n","protected":false},"excerpt":{"rendered":"<p>U srijedu, 20. velja\u010de 2019. u Velikoj koncertnoj dvorani Glazbene \u0161kole u Vara\u017edinu s po\u010detkom u 19,00 sati koncert \u0107e odr\u017eati Kre\u0161imir Bedek, istaknuti hrvatski gitarist. Diplomirao je gitaru u klasi Darka Petrinjaka na Muzi\u010dkoj akademiji u Zagrebu. Postdiplomski studij zavr\u0161io je u Nizozemskoj u klasi Zorana Duki\u0107a na Kraljevskom konzervatoriju u Den Haagu. Docent [&hellip;]<\/p>\n","protected":false},"author":5,"featured_media":0,"comment_status":"closed","ping_status":"closed","sticky":false,"template":"","format":"standard","meta":{"footnotes":""},"categories":[64],"tags":[],"class_list":["post-3404","post","type-post","status-publish","format-standard","hentry","category-najava-dogadanja"],"translation":{"provider":"WPGlobus","version":"3.0.0","language":"gb","enabled_languages":["hr","gb"],"languages":{"hr":{"title":true,"content":true,"excerpt":false},"gb":{"title":false,"content":false,"excerpt":false}}},"_links":{"self":[{"href":"https:\/\/glazbena.hr\/gb\/wp-json\/wp\/v2\/posts\/3404","targetHints":{"allow":["GET"]}}],"collection":[{"href":"https:\/\/glazbena.hr\/gb\/wp-json\/wp\/v2\/posts"}],"about":[{"href":"https:\/\/glazbena.hr\/gb\/wp-json\/wp\/v2\/types\/post"}],"author":[{"embeddable":true,"href":"https:\/\/glazbena.hr\/gb\/wp-json\/wp\/v2\/users\/5"}],"replies":[{"embeddable":true,"href":"https:\/\/glazbena.hr\/gb\/wp-json\/wp\/v2\/comments?post=3404"}],"version-history":[{"count":1,"href":"https:\/\/glazbena.hr\/gb\/wp-json\/wp\/v2\/posts\/3404\/revisions"}],"predecessor-version":[{"id":30163,"href":"https:\/\/glazbena.hr\/gb\/wp-json\/wp\/v2\/posts\/3404\/revisions\/30163"}],"wp:attachment":[{"href":"https:\/\/glazbena.hr\/gb\/wp-json\/wp\/v2\/media?parent=3404"}],"wp:term":[{"taxonomy":"category","embeddable":true,"href":"https:\/\/glazbena.hr\/gb\/wp-json\/wp\/v2\/categories?post=3404"},{"taxonomy":"post_tag","embeddable":true,"href":"https:\/\/glazbena.hr\/gb\/wp-json\/wp\/v2\/tags?post=3404"}],"curies":[{"name":"wp","href":"https:\/\/api.w.org\/{rel}","templated":true}]}}