{"id":3427,"date":"2019-02-25T13:22:47","date_gmt":"2019-02-25T11:22:47","guid":{"rendered":"https:\/\/glazbena.hr\/?p=3427"},"modified":"2019-02-25T13:22:47","modified_gmt":"2019-02-25T11:22:47","slug":"produkcije-odjela-za-klavir-5","status":"publish","type":"post","link":"https:\/\/glazbena.hr\/gb\/produkcije\/produkcije-odjela-za-klavir-5\/","title":{"rendered":"Produkcije odjela za klavir"},"content":{"rendered":"<p>Produkcija odjela za klavir odr\u017eat \u0107e se u \u010detvrtak, 28. velja\u010de 2019. u Velikoj koncertnoj dvorani Glazbene \u0161kole u Vara\u017edinu. Prva produkcija po\u010dinje u 16:30, a druga u 18:00 sati.<\/p>\n<p><a href=\"https:\/\/glazbena.hr\/wp-content\/uploads\/2019\/02\/Produkcija-28.02.19.-prvi-dio.pdf\">Produkcija 28.02.19. prvi dio<\/a><\/p>\n<p><a href=\"https:\/\/glazbena.hr\/wp-content\/uploads\/2019\/02\/Produkcija-28.02.19.-drugi-dio.pdf\">Produkcija 28.02.19. &#8211; drugi dio<\/a><\/p>\n","protected":false},"excerpt":{"rendered":"<p>Produkcija odjela za klavir odr\u017eat \u0107e se u \u010detvrtak, 28. velja\u010de 2019. u Velikoj koncertnoj dvorani Glazbene \u0161kole u Vara\u017edinu. Prva produkcija po\u010dinje u 16:30, a druga u 18:00 sati. Produkcija 28.02.19. prvi dio Produkcija 28.02.19. &#8211; drugi dio<\/p>\n","protected":false},"author":5,"featured_media":0,"comment_status":"closed","ping_status":"closed","sticky":false,"template":"","format":"standard","meta":{"footnotes":""},"categories":[65],"tags":[],"class_list":["post-3427","post","type-post","status-publish","format-standard","hentry","category-produkcije"],"translation":{"provider":"WPGlobus","version":"3.0.0","language":"gb","enabled_languages":["hr","gb"],"languages":{"hr":{"title":true,"content":true,"excerpt":false},"gb":{"title":false,"content":false,"excerpt":false}}},"_links":{"self":[{"href":"https:\/\/glazbena.hr\/gb\/wp-json\/wp\/v2\/posts\/3427","targetHints":{"allow":["GET"]}}],"collection":[{"href":"https:\/\/glazbena.hr\/gb\/wp-json\/wp\/v2\/posts"}],"about":[{"href":"https:\/\/glazbena.hr\/gb\/wp-json\/wp\/v2\/types\/post"}],"author":[{"embeddable":true,"href":"https:\/\/glazbena.hr\/gb\/wp-json\/wp\/v2\/users\/5"}],"replies":[{"embeddable":true,"href":"https:\/\/glazbena.hr\/gb\/wp-json\/wp\/v2\/comments?post=3427"}],"version-history":[{"count":0,"href":"https:\/\/glazbena.hr\/gb\/wp-json\/wp\/v2\/posts\/3427\/revisions"}],"wp:attachment":[{"href":"https:\/\/glazbena.hr\/gb\/wp-json\/wp\/v2\/media?parent=3427"}],"wp:term":[{"taxonomy":"category","embeddable":true,"href":"https:\/\/glazbena.hr\/gb\/wp-json\/wp\/v2\/categories?post=3427"},{"taxonomy":"post_tag","embeddable":true,"href":"https:\/\/glazbena.hr\/gb\/wp-json\/wp\/v2\/tags?post=3427"}],"curies":[{"name":"wp","href":"https:\/\/api.w.org\/{rel}","templated":true}]}}