{"id":3434,"date":"2019-02-27T15:09:26","date_gmt":"2019-02-27T13:09:26","guid":{"rendered":"https:\/\/glazbena.hr\/?p=3434"},"modified":"2019-03-01T13:49:56","modified_gmt":"2019-03-01T11:49:56","slug":"fasnicki-koncert","status":"publish","type":"post","link":"https:\/\/glazbena.hr\/gb\/events\/fasnicki-koncert\/","title":{"rendered":"Fa\u0161ni\u010dki koncert"},"content":{"rendered":"<p>U ponedjeljak, 4. o\u017eujka 2019. godine s po\u010detkom u 18 sati u HNK u Vara\u017edinu \u0107e se odr\u017eati tradicionalni Fa\u0161ni\u010dki koncert u\u010denika i profesora Glazbene \u0161kole u Vara\u017edinu. Na koncertu \u0107e se skupljati dobrovoljni prilozi za projekte zaklade za prevenciju kriminaliteta &#8220;Sveti Mihael&#8221; Vara\u017edinske \u017eupanije.<\/p>\n<p><a href=\"https:\/\/glazbena.hr\/wp-content\/uploads\/2019\/02\/Fas\u030cnic\u030cki-koncert-2019-3.jpg\"><img loading=\"lazy\" decoding=\"async\" class=\"alignnone wp-image-3435 size-medium\" src=\"https:\/\/glazbena.hr\/wp-content\/uploads\/2019\/02\/Fas\u030cnic\u030cki-koncert-2019-3-214x300.jpg\" alt=\"\" width=\"214\" height=\"300\" srcset=\"https:\/\/glazbena.hr\/wp-content\/uploads\/2019\/02\/Fas\u030cnic\u030cki-koncert-2019-3-214x300.jpg 214w, https:\/\/glazbena.hr\/wp-content\/uploads\/2019\/02\/Fas\u030cnic\u030cki-koncert-2019-3-768x1075.jpg 768w, https:\/\/glazbena.hr\/wp-content\/uploads\/2019\/02\/Fas\u030cnic\u030cki-koncert-2019-3-731x1024.jpg 731w, https:\/\/glazbena.hr\/wp-content\/uploads\/2019\/02\/Fas\u030cnic\u030cki-koncert-2019-3.jpg 2000w\" sizes=\"auto, (max-width: 214px) 100vw, 214px\" \/><\/a>\u00a0<a href=\"https:\/\/glazbena.hr\/wp-content\/uploads\/2019\/02\/program-fas\u030cnic\u030ckog-koncerta-2019_pages-to-jpg-0002.jpg\"><img loading=\"lazy\" decoding=\"async\" class=\"alignnone wp-image-3441 size-medium\" src=\"https:\/\/glazbena.hr\/wp-content\/uploads\/2019\/02\/program-fas\u030cnic\u030ckog-koncerta-2019_pages-to-jpg-0002-212x300.jpg\" alt=\"\" width=\"212\" height=\"300\" srcset=\"https:\/\/glazbena.hr\/wp-content\/uploads\/2019\/02\/program-fas\u030cnic\u030ckog-koncerta-2019_pages-to-jpg-0002-212x300.jpg 212w, https:\/\/glazbena.hr\/wp-content\/uploads\/2019\/02\/program-fas\u030cnic\u030ckog-koncerta-2019_pages-to-jpg-0002-768x1085.jpg 768w, https:\/\/glazbena.hr\/wp-content\/uploads\/2019\/02\/program-fas\u030cnic\u030ckog-koncerta-2019_pages-to-jpg-0002-725x1024.jpg 725w, https:\/\/glazbena.hr\/wp-content\/uploads\/2019\/02\/program-fas\u030cnic\u030ckog-koncerta-2019_pages-to-jpg-0002.jpg 1241w\" sizes=\"auto, (max-width: 212px) 100vw, 212px\" \/><\/a><\/p>\n<p>&nbsp;<\/p>\n<p>&nbsp;<\/p>\n","protected":false},"excerpt":{"rendered":"<p>U ponedjeljak, 4. o\u017eujka 2019. godine s po\u010detkom u 18 sati u HNK u Vara\u017edinu \u0107e se odr\u017eati tradicionalni Fa\u0161ni\u010dki koncert u\u010denika i profesora Glazbene \u0161kole u Vara\u017edinu. Na koncertu \u0107e se skupljati dobrovoljni prilozi za projekte zaklade za prevenciju kriminaliteta &#8220;Sveti Mihael&#8221; Vara\u017edinske \u017eupanije. \u00a0 &nbsp; &nbsp;<\/p>\n","protected":false},"author":5,"featured_media":0,"comment_status":"closed","ping_status":"closed","sticky":false,"template":"","format":"standard","meta":{"footnotes":""},"categories":[64],"tags":[],"class_list":["post-3434","post","type-post","status-publish","format-standard","hentry","category-najava-dogadanja"],"translation":{"provider":"WPGlobus","version":"3.0.0","language":"gb","enabled_languages":["hr","gb"],"languages":{"hr":{"title":true,"content":true,"excerpt":false},"gb":{"title":false,"content":false,"excerpt":false}}},"_links":{"self":[{"href":"https:\/\/glazbena.hr\/gb\/wp-json\/wp\/v2\/posts\/3434","targetHints":{"allow":["GET"]}}],"collection":[{"href":"https:\/\/glazbena.hr\/gb\/wp-json\/wp\/v2\/posts"}],"about":[{"href":"https:\/\/glazbena.hr\/gb\/wp-json\/wp\/v2\/types\/post"}],"author":[{"embeddable":true,"href":"https:\/\/glazbena.hr\/gb\/wp-json\/wp\/v2\/users\/5"}],"replies":[{"embeddable":true,"href":"https:\/\/glazbena.hr\/gb\/wp-json\/wp\/v2\/comments?post=3434"}],"version-history":[{"count":0,"href":"https:\/\/glazbena.hr\/gb\/wp-json\/wp\/v2\/posts\/3434\/revisions"}],"wp:attachment":[{"href":"https:\/\/glazbena.hr\/gb\/wp-json\/wp\/v2\/media?parent=3434"}],"wp:term":[{"taxonomy":"category","embeddable":true,"href":"https:\/\/glazbena.hr\/gb\/wp-json\/wp\/v2\/categories?post=3434"},{"taxonomy":"post_tag","embeddable":true,"href":"https:\/\/glazbena.hr\/gb\/wp-json\/wp\/v2\/tags?post=3434"}],"curies":[{"name":"wp","href":"https:\/\/api.w.org\/{rel}","templated":true}]}}