{"id":3448,"date":"2019-03-04T16:06:33","date_gmt":"2019-03-04T14:06:33","guid":{"rendered":"https:\/\/glazbena.hr\/?p=3448"},"modified":"2019-03-04T16:06:33","modified_gmt":"2019-03-04T14:06:33","slug":"fasnicka-produkcija-ucenika-glazbene-skole-u-varazdinu-po-lepoglava","status":"publish","type":"post","link":"https:\/\/glazbena.hr\/gb\/produkcije\/fasnicka-produkcija-ucenika-glazbene-skole-u-varazdinu-po-lepoglava\/","title":{"rendered":"Fa\u0161ni\u010dka produkcija u\u010denika Glazbene \u0161kole u Vara\u017edinu &#8211; PO Lepoglava"},"content":{"rendered":"<p>Fa\u0161ni\u010dka produkcija u\u010denika Glazbene \u0161kole u Vara\u017edinu, Podru\u010dni odjel u Lepoglavi odr\u017eat \u0107e se u utorak, 5. o\u017eujka 2019. u O\u0160 Ante Star\u010devi\u0107a s po\u010detkom u 18.00 sati.<\/p>\n<p><a href=\"https:\/\/glazbena.hr\/wp-content\/uploads\/2019\/03\/Fa\u0161ni\u010dki-koncert-PO-Lepoglava.pdf\">Fa\u0161ni\u010dki koncert &#8211; PO Lepoglava<\/a><\/p>\n","protected":false},"excerpt":{"rendered":"<p>Fa\u0161ni\u010dka produkcija u\u010denika Glazbene \u0161kole u Vara\u017edinu, Podru\u010dni odjel u Lepoglavi odr\u017eat \u0107e se u utorak, 5. o\u017eujka 2019. u O\u0160 Ante Star\u010devi\u0107a s po\u010detkom u 18.00 sati. Fa\u0161ni\u010dki koncert &#8211; PO Lepoglava<\/p>\n","protected":false},"author":5,"featured_media":0,"comment_status":"closed","ping_status":"closed","sticky":false,"template":"","format":"standard","meta":{"footnotes":""},"categories":[65],"tags":[],"class_list":["post-3448","post","type-post","status-publish","format-standard","hentry","category-produkcije"],"translation":{"provider":"WPGlobus","version":"3.0.0","language":"gb","enabled_languages":["hr","gb"],"languages":{"hr":{"title":true,"content":true,"excerpt":false},"gb":{"title":false,"content":false,"excerpt":false}}},"_links":{"self":[{"href":"https:\/\/glazbena.hr\/gb\/wp-json\/wp\/v2\/posts\/3448","targetHints":{"allow":["GET"]}}],"collection":[{"href":"https:\/\/glazbena.hr\/gb\/wp-json\/wp\/v2\/posts"}],"about":[{"href":"https:\/\/glazbena.hr\/gb\/wp-json\/wp\/v2\/types\/post"}],"author":[{"embeddable":true,"href":"https:\/\/glazbena.hr\/gb\/wp-json\/wp\/v2\/users\/5"}],"replies":[{"embeddable":true,"href":"https:\/\/glazbena.hr\/gb\/wp-json\/wp\/v2\/comments?post=3448"}],"version-history":[{"count":0,"href":"https:\/\/glazbena.hr\/gb\/wp-json\/wp\/v2\/posts\/3448\/revisions"}],"wp:attachment":[{"href":"https:\/\/glazbena.hr\/gb\/wp-json\/wp\/v2\/media?parent=3448"}],"wp:term":[{"taxonomy":"category","embeddable":true,"href":"https:\/\/glazbena.hr\/gb\/wp-json\/wp\/v2\/categories?post=3448"},{"taxonomy":"post_tag","embeddable":true,"href":"https:\/\/glazbena.hr\/gb\/wp-json\/wp\/v2\/tags?post=3448"}],"curies":[{"name":"wp","href":"https:\/\/api.w.org\/{rel}","templated":true}]}}