{"id":3496,"date":"2019-03-11T17:35:38","date_gmt":"2019-03-11T15:35:38","guid":{"rendered":"https:\/\/glazbena.hr\/?p=3496"},"modified":"2019-03-11T17:35:38","modified_gmt":"2019-03-11T15:35:38","slug":"prednatjecanje-kabalevsky","status":"publish","type":"post","link":"https:\/\/glazbena.hr\/gb\/natjecanja\/prednatjecanje-kabalevsky\/","title":{"rendered":"Prednatjecanje Kabalevsky"},"content":{"rendered":"<p>Marko Mataji\u010d, u\u010denik 2. razreda srednje glazbene \u0161kole, smjer glazbenik klavirist (mentor Predrag \u0160antek, prof. mentor), uvrstio se u Finale me\u0111unarodnog natjecanja Kabalevsky koje \u0107e se odr\u017eati u Moskvi 2020. godine.<\/p>\n<p>U finale istog natjecanja u\u0161li su i biv\u0161i u\u010denici na\u0161e \u0161kole, trenutno studenti na Muzi\u010dkoj akademiji Sveu\u010dili\u0161ta u Zagrebu: Dora Petkovi\u0107 &#8211; klavir i Fran Bobi\u0107 &#8211; violina.<\/p>\n<p>Organizator \u0107e izabranim finalistima pokriti sve tro\u0161kove putovanja i boravka u Moskvi tijekom ovog zna\u010dajnog i zahtjevnog me\u0111unarodnog natjecanja.<\/p>\n<p>U Prednatjecanju, koje se odr\u017ealo 2. o\u017eujka 2019. godine u na\u0161oj \u0161koli u organizaciji Glazbene mlade\u017ei Vara\u017edin od na\u0161ih u\u010denika sudjelovale su Petra Podhra\u0161ki i Klara Sironi\u0107 &#8211; klavir (mentorica Lea \u0160antek, prof. mentor) te Eva Bar\u010dot i Ruta Bobi\u0107 &#8211; violina (mentorica Lidija Bobi\u0107, prof.).<\/p>\n<p><a href=\"https:\/\/glazbena.hr\/wp-content\/uploads\/2019\/03\/20190302-Prednatjecanje-Kabalevsky-Vara\u017edin-Hrvatska.pdf\">02 03 2019- Prednatjecanje Kabalevsky &#8211; Vara\u017edin &#8211; Hrvatska<\/a><\/p>\n","protected":false},"excerpt":{"rendered":"<p>Marko Mataji\u010d, u\u010denik 2. razreda srednje glazbene \u0161kole, smjer glazbenik klavirist (mentor Predrag \u0160antek, prof. mentor), uvrstio se u Finale me\u0111unarodnog natjecanja Kabalevsky koje \u0107e se odr\u017eati u Moskvi 2020. godine. U finale istog natjecanja u\u0161li su i biv\u0161i u\u010denici na\u0161e \u0161kole, trenutno studenti na Muzi\u010dkoj akademiji Sveu\u010dili\u0161ta u Zagrebu: Dora Petkovi\u0107 &#8211; klavir i [&hellip;]<\/p>\n","protected":false},"author":5,"featured_media":0,"comment_status":"closed","ping_status":"closed","sticky":false,"template":"","format":"standard","meta":{"footnotes":""},"categories":[66],"tags":[],"class_list":["post-3496","post","type-post","status-publish","format-standard","hentry","category-natjecanja"],"translation":{"provider":"WPGlobus","version":"3.0.0","language":"gb","enabled_languages":["hr","gb"],"languages":{"hr":{"title":true,"content":true,"excerpt":false},"gb":{"title":false,"content":false,"excerpt":false}}},"_links":{"self":[{"href":"https:\/\/glazbena.hr\/gb\/wp-json\/wp\/v2\/posts\/3496","targetHints":{"allow":["GET"]}}],"collection":[{"href":"https:\/\/glazbena.hr\/gb\/wp-json\/wp\/v2\/posts"}],"about":[{"href":"https:\/\/glazbena.hr\/gb\/wp-json\/wp\/v2\/types\/post"}],"author":[{"embeddable":true,"href":"https:\/\/glazbena.hr\/gb\/wp-json\/wp\/v2\/users\/5"}],"replies":[{"embeddable":true,"href":"https:\/\/glazbena.hr\/gb\/wp-json\/wp\/v2\/comments?post=3496"}],"version-history":[{"count":0,"href":"https:\/\/glazbena.hr\/gb\/wp-json\/wp\/v2\/posts\/3496\/revisions"}],"wp:attachment":[{"href":"https:\/\/glazbena.hr\/gb\/wp-json\/wp\/v2\/media?parent=3496"}],"wp:term":[{"taxonomy":"category","embeddable":true,"href":"https:\/\/glazbena.hr\/gb\/wp-json\/wp\/v2\/categories?post=3496"},{"taxonomy":"post_tag","embeddable":true,"href":"https:\/\/glazbena.hr\/gb\/wp-json\/wp\/v2\/tags?post=3496"}],"curies":[{"name":"wp","href":"https:\/\/api.w.org\/{rel}","templated":true}]}}