{"id":3520,"date":"2019-03-15T11:48:55","date_gmt":"2019-03-15T09:48:55","guid":{"rendered":"https:\/\/glazbena.hr\/?p=3520"},"modified":"2019-03-19T15:04:56","modified_gmt":"2019-03-19T13:04:56","slug":"koncert-ucenika-sa-varazdinskim-komornim-orkestrom","status":"publish","type":"post","link":"https:\/\/glazbena.hr\/gb\/events\/koncert-ucenika-sa-varazdinskim-komornim-orkestrom\/","title":{"rendered":"Koncert u\u010denika s Vara\u017edinskim komornim orkestrom"},"content":{"rendered":"<p>U koncertnoj dvorani Glazbene \u0161kole u Vara\u017edinu ovog utorka, 19. o\u017eujka 2019. godine publici \u0107e se predstaviti u\u010denici Glazbene \u0161kole uz Vara\u017edinski komorni orkestar. Vinka Siladi, Ema Kova\u010di\u0107, Dorian Stip\u010di\u0107, Tia Pikija, Damjan Klemen\u010di\u0107, Fran Povija\u010d, Franjo Mlinari\u0107, Fran Kereti\u0107, Viktor Novak, Matej Ratkovi\u0107, Ivan Juranko, Tara Vidovi\u0107, Jan Borak i Luka Taradi uspje\u0161no su polo\u017eili audiciju uz pomo\u0107 svojih mentora te su dobili priliku nastupiti uz Vara\u017edinski komorni orkestar. Na koncertu \u0107e biti zastupljeni gotovo svi odjeli Glazbene \u0161kole u Vara\u017edinu, a mladi glazbenici koji \u0107e se predstaviti, u\u010denici su osnovno\u0161kolskog i srednjo\u0161kolskog obrazovanja.<br \/>\nU\u010denici svake godine imaju priliku nastupati na kraju Vara\u017edinskih baroknih ve\u010deri uz glazbenike Komornog orkestra na kojem izvode zadani repertoar, dok je na ovom nadolaze\u0107em koncertu biranje skladbe prepu\u0161teno odabiru mentora i u\u010denika \u0161to u\u010denicima pri\u010dinjava izrazito veselje.<br \/>\nKoncert u Velikoj koncertnoj dvorani Glazbene \u0161kole u Vara\u017edinu po\u010dinje u 19:30 sati, a ulaz je slobodan.<\/p>\n<p>&nbsp;<\/p>\n<p>&nbsp;<\/p>\n<p><a href=\"https:\/\/glazbena.hr\/wp-content\/uploads\/2019\/03\/Koncert-sa-Vara\u017edinskim-komornim-orkestrom.jpg\"><img loading=\"lazy\" decoding=\"async\" class=\"aligncenter wp-image-3521 size-medium\" src=\"https:\/\/glazbena.hr\/wp-content\/uploads\/2019\/03\/Koncert-sa-Vara\u017edinskim-komornim-orkestrom-214x300.jpg\" alt=\"\" width=\"214\" height=\"300\" srcset=\"https:\/\/glazbena.hr\/wp-content\/uploads\/2019\/03\/Koncert-sa-Vara\u017edinskim-komornim-orkestrom-214x300.jpg 214w, https:\/\/glazbena.hr\/wp-content\/uploads\/2019\/03\/Koncert-sa-Vara\u017edinskim-komornim-orkestrom-768x1075.jpg 768w, https:\/\/glazbena.hr\/wp-content\/uploads\/2019\/03\/Koncert-sa-Vara\u017edinskim-komornim-orkestrom-731x1024.jpg 731w\" sizes=\"auto, (max-width: 214px) 100vw, 214px\" \/><\/a><\/p>\n","protected":false},"excerpt":{"rendered":"<p>U koncertnoj dvorani Glazbene \u0161kole u Vara\u017edinu ovog utorka, 19. o\u017eujka 2019. godine publici \u0107e se predstaviti u\u010denici Glazbene \u0161kole uz Vara\u017edinski komorni orkestar. Vinka Siladi, Ema Kova\u010di\u0107, Dorian Stip\u010di\u0107, Tia Pikija, Damjan Klemen\u010di\u0107, Fran Povija\u010d, Franjo Mlinari\u0107, Fran Kereti\u0107, Viktor Novak, Matej Ratkovi\u0107, Ivan Juranko, Tara Vidovi\u0107, Jan Borak i Luka Taradi uspje\u0161no su [&hellip;]<\/p>\n","protected":false},"author":5,"featured_media":0,"comment_status":"closed","ping_status":"closed","sticky":false,"template":"","format":"standard","meta":{"footnotes":""},"categories":[64],"tags":[],"class_list":["post-3520","post","type-post","status-publish","format-standard","hentry","category-najava-dogadanja"],"translation":{"provider":"WPGlobus","version":"3.0.0","language":"gb","enabled_languages":["hr","gb"],"languages":{"hr":{"title":true,"content":true,"excerpt":false},"gb":{"title":false,"content":false,"excerpt":false}}},"_links":{"self":[{"href":"https:\/\/glazbena.hr\/gb\/wp-json\/wp\/v2\/posts\/3520","targetHints":{"allow":["GET"]}}],"collection":[{"href":"https:\/\/glazbena.hr\/gb\/wp-json\/wp\/v2\/posts"}],"about":[{"href":"https:\/\/glazbena.hr\/gb\/wp-json\/wp\/v2\/types\/post"}],"author":[{"embeddable":true,"href":"https:\/\/glazbena.hr\/gb\/wp-json\/wp\/v2\/users\/5"}],"replies":[{"embeddable":true,"href":"https:\/\/glazbena.hr\/gb\/wp-json\/wp\/v2\/comments?post=3520"}],"version-history":[{"count":0,"href":"https:\/\/glazbena.hr\/gb\/wp-json\/wp\/v2\/posts\/3520\/revisions"}],"wp:attachment":[{"href":"https:\/\/glazbena.hr\/gb\/wp-json\/wp\/v2\/media?parent=3520"}],"wp:term":[{"taxonomy":"category","embeddable":true,"href":"https:\/\/glazbena.hr\/gb\/wp-json\/wp\/v2\/categories?post=3520"},{"taxonomy":"post_tag","embeddable":true,"href":"https:\/\/glazbena.hr\/gb\/wp-json\/wp\/v2\/tags?post=3520"}],"curies":[{"name":"wp","href":"https:\/\/api.w.org\/{rel}","templated":true}]}}