{"id":35423,"date":"2024-10-24T14:30:26","date_gmt":"2024-10-24T13:30:26","guid":{"rendered":"https:\/\/glazbena.hr\/?p=35423"},"modified":"2024-10-24T14:34:49","modified_gmt":"2024-10-24T13:34:49","slug":"produkcija-odjela-za-klavir-25-listopada-2024","status":"publish","type":"post","link":"https:\/\/glazbena.hr\/gb\/produkcije\/produkcija-odjela-za-klavir-25-listopada-2024\/","title":{"rendered":"Produkcija Odjela za klavir, 25. listopada 2024."},"content":{"rendered":"<p>Produkcija Odjela za klavir odr\u017eat \u0107e se u petak, 25. listopada 2024. godine u Velikoj koncertnoj dvorani Glazbene \u0161kole u Vara\u017edinu u 18.00 sati.<\/p>\n<p><a href=\"https:\/\/glazbena.hr\/wp-content\/uploads\/2024\/10\/Produkcija-Odjela-za-klavir-25.-listopada-2024.pdf\" target=\"_blank\" rel=\"noopener\">Produkcija Odjela za klavir, 25. listopada 2024. <\/a><\/p>\n","protected":false},"excerpt":{"rendered":"<p>Produkcija Odjela za klavir odr\u017eat \u0107e se u petak, 25. listopada 2024. godine u Velikoj koncertnoj dvorani Glazbene \u0161kole u Vara\u017edinu u 18.00 sati. Produkcija Odjela za klavir, 25. listopada 2024.<\/p>\n","protected":false},"author":5,"featured_media":0,"comment_status":"closed","ping_status":"closed","sticky":false,"template":"","format":"standard","meta":{"footnotes":""},"categories":[65],"tags":[],"class_list":["post-35423","post","type-post","status-publish","format-standard","hentry","category-produkcije"],"translation":{"provider":"WPGlobus","version":"3.0.0","language":"gb","enabled_languages":["hr","gb"],"languages":{"hr":{"title":true,"content":true,"excerpt":false},"gb":{"title":false,"content":false,"excerpt":false}}},"_links":{"self":[{"href":"https:\/\/glazbena.hr\/gb\/wp-json\/wp\/v2\/posts\/35423","targetHints":{"allow":["GET"]}}],"collection":[{"href":"https:\/\/glazbena.hr\/gb\/wp-json\/wp\/v2\/posts"}],"about":[{"href":"https:\/\/glazbena.hr\/gb\/wp-json\/wp\/v2\/types\/post"}],"author":[{"embeddable":true,"href":"https:\/\/glazbena.hr\/gb\/wp-json\/wp\/v2\/users\/5"}],"replies":[{"embeddable":true,"href":"https:\/\/glazbena.hr\/gb\/wp-json\/wp\/v2\/comments?post=35423"}],"version-history":[{"count":3,"href":"https:\/\/glazbena.hr\/gb\/wp-json\/wp\/v2\/posts\/35423\/revisions"}],"predecessor-version":[{"id":35471,"href":"https:\/\/glazbena.hr\/gb\/wp-json\/wp\/v2\/posts\/35423\/revisions\/35471"}],"wp:attachment":[{"href":"https:\/\/glazbena.hr\/gb\/wp-json\/wp\/v2\/media?parent=35423"}],"wp:term":[{"taxonomy":"category","embeddable":true,"href":"https:\/\/glazbena.hr\/gb\/wp-json\/wp\/v2\/categories?post=35423"},{"taxonomy":"post_tag","embeddable":true,"href":"https:\/\/glazbena.hr\/gb\/wp-json\/wp\/v2\/tags?post=35423"}],"curies":[{"name":"wp","href":"https:\/\/api.w.org\/{rel}","templated":true}]}}