{"id":3626,"date":"2019-04-01T09:21:06","date_gmt":"2019-04-01T07:21:06","guid":{"rendered":"https:\/\/glazbena.hr\/?p=3626"},"modified":"2019-04-01T09:21:06","modified_gmt":"2019-04-01T07:21:06","slug":"produkcija-odjela-za-gitaru-i-tambure-5","status":"publish","type":"post","link":"https:\/\/glazbena.hr\/gb\/produkcije\/produkcija-odjela-za-gitaru-i-tambure-5\/","title":{"rendered":"Produkcija odjela za gitaru i tambure"},"content":{"rendered":"<p>Produkcija odjela za gitaru i tambure odr\u017eat \u0107e se u ponedjeljak, 1. travnja 2019. godine u Maloj koncertnoj dvorani Glazbene \u0161kole u Vara\u017edinu s po\u010detkom u 19:00 sati.<\/p>\n<p><a href=\"https:\/\/glazbena.hr\/wp-content\/uploads\/2019\/04\/Produkcija-odjela-za-gitaru-i-tambure.pdf\">Produkcija odjela za gitaru i tambure<\/a><\/p>\n","protected":false},"excerpt":{"rendered":"<p>Produkcija odjela za gitaru i tambure odr\u017eat \u0107e se u ponedjeljak, 1. travnja 2019. godine u Maloj koncertnoj dvorani Glazbene \u0161kole u Vara\u017edinu s po\u010detkom u 19:00 sati. Produkcija odjela za gitaru i tambure<\/p>\n","protected":false},"author":5,"featured_media":0,"comment_status":"closed","ping_status":"closed","sticky":false,"template":"","format":"standard","meta":{"footnotes":""},"categories":[65],"tags":[],"class_list":["post-3626","post","type-post","status-publish","format-standard","hentry","category-produkcije"],"translation":{"provider":"WPGlobus","version":"3.0.0","language":"gb","enabled_languages":["hr","gb"],"languages":{"hr":{"title":true,"content":true,"excerpt":false},"gb":{"title":false,"content":false,"excerpt":false}}},"_links":{"self":[{"href":"https:\/\/glazbena.hr\/gb\/wp-json\/wp\/v2\/posts\/3626","targetHints":{"allow":["GET"]}}],"collection":[{"href":"https:\/\/glazbena.hr\/gb\/wp-json\/wp\/v2\/posts"}],"about":[{"href":"https:\/\/glazbena.hr\/gb\/wp-json\/wp\/v2\/types\/post"}],"author":[{"embeddable":true,"href":"https:\/\/glazbena.hr\/gb\/wp-json\/wp\/v2\/users\/5"}],"replies":[{"embeddable":true,"href":"https:\/\/glazbena.hr\/gb\/wp-json\/wp\/v2\/comments?post=3626"}],"version-history":[{"count":0,"href":"https:\/\/glazbena.hr\/gb\/wp-json\/wp\/v2\/posts\/3626\/revisions"}],"wp:attachment":[{"href":"https:\/\/glazbena.hr\/gb\/wp-json\/wp\/v2\/media?parent=3626"}],"wp:term":[{"taxonomy":"category","embeddable":true,"href":"https:\/\/glazbena.hr\/gb\/wp-json\/wp\/v2\/categories?post=3626"},{"taxonomy":"post_tag","embeddable":true,"href":"https:\/\/glazbena.hr\/gb\/wp-json\/wp\/v2\/tags?post=3626"}],"curies":[{"name":"wp","href":"https:\/\/api.w.org\/{rel}","templated":true}]}}