{"id":3662,"date":"2019-04-08T11:57:55","date_gmt":"2019-04-08T09:57:55","guid":{"rendered":"https:\/\/glazbena.hr\/?p=3662"},"modified":"2019-04-08T11:57:55","modified_gmt":"2019-04-08T09:57:55","slug":"rezultati-accordion-festa","status":"publish","type":"post","link":"https:\/\/glazbena.hr\/gb\/activity\/rezultati-accordion-festa\/","title":{"rendered":"Rezultati Accordion Festa"},"content":{"rendered":"<p>23. o\u017eujka 2019. godine u Glazbenoj \u0161koli u Vara\u017edinu odr\u017ean je tre\u0107i po redu \u201cAccordionfest\u201c &#8211; me\u0111u\u0161kolsko natjecanje harmonika\u0161a.<\/p>\n<p>S puno entuzijazma i dobre volje organizirali smo i realizirali festival tre\u0107u godinu za redom. Ideja ovog natjecanja je da se pru\u017ei prilika svim u\u010denicima da nastupe pred ocjenjiva\u010dkim sudom, da im to iskustvo bude motivacija za daljnji rad i napredak, a isto tako i priprema za daljnja natjecanja.<br \/>\nTako\u0111er \u0161kolska natjecanja su oblici usavr\u0161avanja nastavnika kroz razmjenu pedago\u0161kih iskustava te upoznavanja s novim dostignu\u0107ima na polju pedago\u0161ke prakse i interpretacije.<\/p>\n<p>Drago nam je da je ta ideja prepoznata i nailazi na podr\u0161ku od strane sve ve\u0107eg broja mentora i u\u010denika tako da smo i ove godine ostvarili smo napredak u broju kandidata i \u0161kola. Sudjelovalo je 45 u\u010denika iz 12 \u0161kola koji su se natjecali u \u010detiri kategorije. To nas veseli i motivira da sljede\u0107e godine budemo jo\u0161 bolji doma\u0107ini. Nadamo se da \u0107e se ova inicijativa nastaviti razvijati.<\/p>\n<p>Zahvaljujemo se \u010dlanovima stru\u010dne komisije u sastavu mag. art. dr.phil. Ivana Cvetkovski (Hvatska), Emili Doki\u0107,prof. (Hrvatska) i Amadej Herzog, MA (Slovenija) koji su savjesno i korektno ocjenjivali, a u skladu s idejom samog natjecanja.<\/p>\n<p>Posebno hvala u\u010denicima na marljivom radu, roditeljima koji su nam najve\u0107a podr\u0161ka, kolegama mentorima koji su prepoznali i podr\u017eali projekt.<\/p>\n<p>Isto tako zahvaljujemo se na\u0161em timu, kolegama koji su sudjelovali u realizaciji cijelog projekta Valentini Ba\u0161nec, prof. mentor i Sa\u0161i Bastalecu, mag.mus kao i na\u0161im u\u010denicima Nikoli Hrupeku i Sandru Sauli\u0107u koji su se pobrinuli da sve ide prema planu.<\/p>\n<p>Nadamo se da su iskustva i dojmovi pozitivni te da \u0107e ostati u lijepom sje\u0107anju svima koji su sudjelovali na \u201eAccordionfest 2019\u201c. i pozivam Vas da nam se pridru\u017eite i sljede\u0107e godine.<\/p>\n<p>&nbsp;<\/p>\n<p><a href=\"https:\/\/glazbena.hr\/wp-content\/uploads\/2019\/04\/REZULTATI_Kategorija-A.docx\">REZULTATI_Kategorija A<\/a><\/p>\n<p><a href=\"https:\/\/glazbena.hr\/wp-content\/uploads\/2019\/04\/REZULTATI_Kategorija-B.docx\">REZULTATI_Kategorija B<\/a><\/p>\n<p><a href=\"https:\/\/glazbena.hr\/wp-content\/uploads\/2019\/04\/REZULTATI_Kategorija-C.docx\">REZULTATI_Kategorija C<\/a><\/p>\n<p><a href=\"https:\/\/glazbena.hr\/wp-content\/uploads\/2019\/04\/REZULTATI_Kategorija-MINI\u0106I.docx\">REZULTATI_Kategorija MINI\u0106I<\/a><\/p>\n","protected":false},"excerpt":{"rendered":"<p>23. o\u017eujka 2019. godine u Glazbenoj \u0161koli u Vara\u017edinu odr\u017ean je tre\u0107i po redu \u201cAccordionfest\u201c &#8211; me\u0111u\u0161kolsko natjecanje harmonika\u0161a. S puno entuzijazma i dobre volje organizirali smo i realizirali festival tre\u0107u godinu za redom. Ideja ovog natjecanja je da se pru\u017ei prilika svim u\u010denicima da nastupe pred ocjenjiva\u010dkim sudom, da im to iskustvo bude motivacija [&hellip;]<\/p>\n","protected":false},"author":5,"featured_media":0,"comment_status":"closed","ping_status":"closed","sticky":false,"template":"","format":"standard","meta":{"footnotes":""},"categories":[70],"tags":[],"class_list":["post-3662","post","type-post","status-publish","format-standard","hentry","category-aktivnosti"],"translation":{"provider":"WPGlobus","version":"3.0.0","language":"gb","enabled_languages":["hr","gb"],"languages":{"hr":{"title":true,"content":true,"excerpt":false},"gb":{"title":false,"content":false,"excerpt":false}}},"_links":{"self":[{"href":"https:\/\/glazbena.hr\/gb\/wp-json\/wp\/v2\/posts\/3662","targetHints":{"allow":["GET"]}}],"collection":[{"href":"https:\/\/glazbena.hr\/gb\/wp-json\/wp\/v2\/posts"}],"about":[{"href":"https:\/\/glazbena.hr\/gb\/wp-json\/wp\/v2\/types\/post"}],"author":[{"embeddable":true,"href":"https:\/\/glazbena.hr\/gb\/wp-json\/wp\/v2\/users\/5"}],"replies":[{"embeddable":true,"href":"https:\/\/glazbena.hr\/gb\/wp-json\/wp\/v2\/comments?post=3662"}],"version-history":[{"count":0,"href":"https:\/\/glazbena.hr\/gb\/wp-json\/wp\/v2\/posts\/3662\/revisions"}],"wp:attachment":[{"href":"https:\/\/glazbena.hr\/gb\/wp-json\/wp\/v2\/media?parent=3662"}],"wp:term":[{"taxonomy":"category","embeddable":true,"href":"https:\/\/glazbena.hr\/gb\/wp-json\/wp\/v2\/categories?post=3662"},{"taxonomy":"post_tag","embeddable":true,"href":"https:\/\/glazbena.hr\/gb\/wp-json\/wp\/v2\/tags?post=3662"}],"curies":[{"name":"wp","href":"https:\/\/api.w.org\/{rel}","templated":true}]}}