{"id":3677,"date":"2019-04-15T12:29:51","date_gmt":"2019-04-15T10:29:51","guid":{"rendered":"https:\/\/glazbena.hr\/?p=3677"},"modified":"2019-04-20T14:46:29","modified_gmt":"2019-04-20T12:46:29","slug":"zavrsni-koncert-medunarodnog-natjecanja-puhaca-varazdin-woodwind-brass","status":"publish","type":"post","link":"https:\/\/glazbena.hr\/gb\/events\/zavrsni-koncert-medunarodnog-natjecanja-puhaca-varazdin-woodwind-brass\/","title":{"rendered":"Zavr\u0161ni koncert Me\u0111unarodnog natjecanja puha\u010da Vara\u017edin Woodwind &#038; Brass"},"content":{"rendered":"<p>Ove godine Glazbena \u0161kola u Vara\u017edinu ugostila je 600- tinjak mladih glazbenika puha\u010da koji su svoje znanje i talent predstavili \u017eiriju na Me\u0111unarodnom natjecanju puha\u010da Vara\u017edin Woodwind &amp; Brass i Woodwind &amp; Brass Grand Prix. Deset dana zvukovi puha\u010dkih instrumenata odjekivali su prostorima Glazbene \u0161kole i Vara\u017edinom sve do kasno u no\u0107.<\/p>\n<p>Pozivamo Vas na Zavr\u0161ni koncert i sve\u010danu dodjelu nagrada 4. me\u0111unarodnog puha\u010dkog natjecanja &#8220;Vara\u017edin Woodwind &amp; Brass i Woodwind &amp; Brass Grand Prix&#8221; koji \u0107e se odr\u017eati u srijedu, 17. travnja 2019. godine s po\u010detkom u 20,00 sati u Velikoj koncertnoj dvorani Glazbene \u0161kole u Vara\u017edinu.<\/p>\n<p>&nbsp;<\/p>\n<p><a href=\"https:\/\/glazbena.hr\/wp-content\/uploads\/2019\/04\/PLAKAT-WB-2019-ZAVR\u0160NI-KONCERT-1_page-0001.jpg\"><img loading=\"lazy\" decoding=\"async\" class=\"aligncenter wp-image-3678 size-medium\" src=\"https:\/\/glazbena.hr\/wp-content\/uploads\/2019\/04\/PLAKAT-WB-2019-ZAVR\u0160NI-KONCERT-1_page-0001-214x300.jpg\" alt=\"\" width=\"214\" height=\"300\" srcset=\"https:\/\/glazbena.hr\/wp-content\/uploads\/2019\/04\/PLAKAT-WB-2019-ZAVR\u0160NI-KONCERT-1_page-0001-214x300.jpg 214w, https:\/\/glazbena.hr\/wp-content\/uploads\/2019\/04\/PLAKAT-WB-2019-ZAVR\u0160NI-KONCERT-1_page-0001-768x1075.jpg 768w, https:\/\/glazbena.hr\/wp-content\/uploads\/2019\/04\/PLAKAT-WB-2019-ZAVR\u0160NI-KONCERT-1_page-0001-731x1024.jpg 731w\" sizes=\"auto, (max-width: 214px) 100vw, 214px\" \/><\/a><\/p>\n","protected":false},"excerpt":{"rendered":"<p>Ove godine Glazbena \u0161kola u Vara\u017edinu ugostila je 600- tinjak mladih glazbenika puha\u010da koji su svoje znanje i talent predstavili \u017eiriju na Me\u0111unarodnom natjecanju puha\u010da Vara\u017edin Woodwind &amp; Brass i Woodwind &amp; Brass Grand Prix. Deset dana zvukovi puha\u010dkih instrumenata odjekivali su prostorima Glazbene \u0161kole i Vara\u017edinom sve do kasno u no\u0107. Pozivamo Vas na [&hellip;]<\/p>\n","protected":false},"author":5,"featured_media":0,"comment_status":"closed","ping_status":"closed","sticky":false,"template":"","format":"standard","meta":{"footnotes":""},"categories":[64],"tags":[],"class_list":["post-3677","post","type-post","status-publish","format-standard","hentry","category-najava-dogadanja"],"translation":{"provider":"WPGlobus","version":"3.0.0","language":"gb","enabled_languages":["hr","gb"],"languages":{"hr":{"title":true,"content":true,"excerpt":false},"gb":{"title":false,"content":false,"excerpt":false}}},"_links":{"self":[{"href":"https:\/\/glazbena.hr\/gb\/wp-json\/wp\/v2\/posts\/3677","targetHints":{"allow":["GET"]}}],"collection":[{"href":"https:\/\/glazbena.hr\/gb\/wp-json\/wp\/v2\/posts"}],"about":[{"href":"https:\/\/glazbena.hr\/gb\/wp-json\/wp\/v2\/types\/post"}],"author":[{"embeddable":true,"href":"https:\/\/glazbena.hr\/gb\/wp-json\/wp\/v2\/users\/5"}],"replies":[{"embeddable":true,"href":"https:\/\/glazbena.hr\/gb\/wp-json\/wp\/v2\/comments?post=3677"}],"version-history":[{"count":0,"href":"https:\/\/glazbena.hr\/gb\/wp-json\/wp\/v2\/posts\/3677\/revisions"}],"wp:attachment":[{"href":"https:\/\/glazbena.hr\/gb\/wp-json\/wp\/v2\/media?parent=3677"}],"wp:term":[{"taxonomy":"category","embeddable":true,"href":"https:\/\/glazbena.hr\/gb\/wp-json\/wp\/v2\/categories?post=3677"},{"taxonomy":"post_tag","embeddable":true,"href":"https:\/\/glazbena.hr\/gb\/wp-json\/wp\/v2\/tags?post=3677"}],"curies":[{"name":"wp","href":"https:\/\/api.w.org\/{rel}","templated":true}]}}