{"id":37643,"date":"2024-12-19T12:14:32","date_gmt":"2024-12-19T11:14:32","guid":{"rendered":"https:\/\/glazbena.hr\/?p=37643"},"modified":"2024-12-26T12:21:32","modified_gmt":"2024-12-26T11:21:32","slug":"bozicna-produkcija-odjela-za-harmonikuorgulje-i-udaraljke","status":"publish","type":"post","link":"https:\/\/glazbena.hr\/gb\/uncategorized\/bozicna-produkcija-odjela-za-harmonikuorgulje-i-udaraljke\/","title":{"rendered":"Bo\u017ei\u0107na produkcija Odjela za harmoniku,orgulje i udaraljke"},"content":{"rendered":"<p>Dana 10.12.2024.u 18 sati odr\u017eala se Bo\u017ei\u0107na produkcija Odjela za harmoniku, orgulje i udaraljke na kojoj su se predstavili harmonika\u0161ki dio Odjela i to solisti, komorni sastav te Harmonika\u0161ki orkestar Glazbene \u0161kole u Vara\u017edinu. Tako\u0111er osim u\u010denika iz Glazbene \u0161kole u Vara\u017edinu, nastupali su i u\u010denici Podru\u010dnih odjela iz Lepoglave, Cestice i Vara\u017edinskih Toplica. U\u010denike su pripremili Valentina Ba\u0161nec, prof. mentor, Kristijan Poto\u010dnjak prof., Sandro Sauli\u0107 i Karmen Antunovi\u0107, mag.mus.<\/p>\n<p>U\u010denici koji su nastupali su:<\/p>\n<p>Kristijan Poto\u010dnjak, prof:<\/p>\n<p>Glazbena \u0161kola u Vara\u017edinu:<br \/>\nMatej \u0160tehec, 5.o\u0161<br \/>\nFilip Grabar, 5.o\u0161<br \/>\nIgor Zbodulja, 4.s\u0161<\/p>\n<p>PO Lepoglava:<br \/>\nBernard Pajek \u0160tefanek,1.o\u0161 PO Lepoglava<br \/>\nJan Botkovi\u0107, 1.o\u0161 PO LepoglavaKarlo Hum 2. o\u0161 PO Lepoglava<br \/>\nIvona Slavinec, 1.o\u0161 PO Lepoglava<br \/>\nKarlo \u017dupani\u0107, 2.o\u0161 PO Lepoglava<br \/>\nIvan Hrandek, 2.o\u0161 PO Lepoglava Leon Jedvaj, 2.o\u0161 PO Lepoglava<br \/>\nGabrijel Picek, 4.o\u0161 PO Lepoglava Paola \u0160kudar, 4.o\u0161 PO Lepoglava<br \/>\nDomagoj Kostanjevec,5.o\u0161 PO Lepoglava<br \/>\nLeon Funtek,6.o\u0161 PO Lepoglava<\/p>\n<p>Valentina Ba\u0161nec, prof. mentor<\/p>\n<p>Jan Gotal-1.o\u0161<br \/>\nFran Golubi\u0107 Horvat-1.o\u0161<br \/>\nMax \u0160kafec Jagi\u0107 2.o\u0161<br \/>\nPetar Pe\u010dek-2.o\u0161<br \/>\nMirsad Murselovi\u0107.3.o\u0161<br \/>\nLeon Korpar.4.o\u0161<br \/>\nNaomi \u0110ud -4-o\u0161<br \/>\nPaulina Jurenec 4.o\u0161.<\/p>\n<p>Sandro Sauli\u0107<\/p>\n<p>Ivan Rode\u0161 1.o\u0161 PO Cestica<br \/>\nLuka Borak 2.o\u0161 PO Cestica<br \/>\nAleksandra Furjan 2.o\u0161 PO Cestica<br \/>\nDavid Hrn\u010di\u0107 2. o\u0161 PO Cestica<br \/>\nLuka Rukli\u0107 2. o\u0161 PO Cestica<br \/>\nPetar Mo\u017eani\u0107 3. o\u0161 PO Cestica<\/p>\n<p>Karmen Antunovi\u0107 Bla\u017eek, mag.mus.<\/p>\n<p>Ivan Drmi\u0107 1.o\u0161,PO Vara\u017edinske Toplice<br \/>\nErik Denac,1.o\u0161 PO Vara\u017edinske Toplice<br \/>\nDuet harmonika Ivan Drmi\u0107 i Erik Denac, PO Vara\u017edinske Toplice<br \/>\nAdrian Mikul\u010di\u0107,2.o\u0161 PO Vara\u017edinske Toplice<br \/>\nSamanta Vudrag,6.o\u0161 PO Vara\u017edinske Toplice<\/p>\n<p>Filip Mar\u010dun,4.o\u0161<br \/>\nJakov Petric,1.s\u0161<br \/>\nIvan Da\u010dnik,4.s\u0161<br \/>\nHarmonika\u0161ki orkestar Glazbene \u0161kole u Vara\u017edinu.<\/p>\n<p><img loading=\"lazy\" decoding=\"async\" class=\"alignnone size-medium wp-image-37647\" src=\"https:\/\/glazbena.hr\/wp-content\/uploads\/2024\/12\/1000027459-300x195.jpg\" alt=\"\" width=\"300\" height=\"195\" srcset=\"https:\/\/glazbena.hr\/wp-content\/uploads\/2024\/12\/1000027459-300x195.jpg 300w, https:\/\/glazbena.hr\/wp-content\/uploads\/2024\/12\/1000027459-1024x666.jpg 1024w, https:\/\/glazbena.hr\/wp-content\/uploads\/2024\/12\/1000027459-768x500.jpg 768w, https:\/\/glazbena.hr\/wp-content\/uploads\/2024\/12\/1000027459-1536x999.jpg 1536w, https:\/\/glazbena.hr\/wp-content\/uploads\/2024\/12\/1000027459-2048x1332.jpg 2048w\" sizes=\"auto, (max-width: 300px) 100vw, 300px\" \/> <img loading=\"lazy\" decoding=\"async\" class=\"alignnone size-medium wp-image-37645\" src=\"https:\/\/glazbena.hr\/wp-content\/uploads\/2024\/12\/1000026853-300x221.jpg\" alt=\"\" width=\"300\" height=\"221\" srcset=\"https:\/\/glazbena.hr\/wp-content\/uploads\/2024\/12\/1000026853-300x221.jpg 300w, https:\/\/glazbena.hr\/wp-content\/uploads\/2024\/12\/1000026853-1024x754.jpg 1024w, https:\/\/glazbena.hr\/wp-content\/uploads\/2024\/12\/1000026853-768x566.jpg 768w, https:\/\/glazbena.hr\/wp-content\/uploads\/2024\/12\/1000026853-1536x1132.jpg 1536w, https:\/\/glazbena.hr\/wp-content\/uploads\/2024\/12\/1000026853-2048x1509.jpg 2048w\" sizes=\"auto, (max-width: 300px) 100vw, 300px\" \/><\/p>\n<p><img loading=\"lazy\" decoding=\"async\" class=\"alignnone size-medium wp-image-37644\" src=\"https:\/\/glazbena.hr\/wp-content\/uploads\/2024\/12\/1000026881-225x300.jpg\" alt=\"\" width=\"225\" height=\"300\" srcset=\"https:\/\/glazbena.hr\/wp-content\/uploads\/2024\/12\/1000026881-225x300.jpg 225w, https:\/\/glazbena.hr\/wp-content\/uploads\/2024\/12\/1000026881-768x1024.jpg 768w, https:\/\/glazbena.hr\/wp-content\/uploads\/2024\/12\/1000026881-1152x1536.jpg 1152w, https:\/\/glazbena.hr\/wp-content\/uploads\/2024\/12\/1000026881-1536x2048.jpg 1536w, https:\/\/glazbena.hr\/wp-content\/uploads\/2024\/12\/1000026881-scaled.jpg 1920w\" sizes=\"auto, (max-width: 225px) 100vw, 225px\" \/> <img loading=\"lazy\" decoding=\"async\" class=\"alignnone size-medium wp-image-37646\" src=\"https:\/\/glazbena.hr\/wp-content\/uploads\/2024\/12\/1000026958-300x260.jpg\" alt=\"\" width=\"300\" height=\"260\" srcset=\"https:\/\/glazbena.hr\/wp-content\/uploads\/2024\/12\/1000026958-300x260.jpg 300w, https:\/\/glazbena.hr\/wp-content\/uploads\/2024\/12\/1000026958-1024x888.jpg 1024w, https:\/\/glazbena.hr\/wp-content\/uploads\/2024\/12\/1000026958-768x666.jpg 768w, https:\/\/glazbena.hr\/wp-content\/uploads\/2024\/12\/1000026958-1536x1331.jpg 1536w, https:\/\/glazbena.hr\/wp-content\/uploads\/2024\/12\/1000026958-2048x1775.jpg 2048w\" sizes=\"auto, (max-width: 300px) 100vw, 300px\" \/><\/p>\n","protected":false},"excerpt":{"rendered":"<p>Dana 10.12.2024.u 18 sati odr\u017eala se Bo\u017ei\u0107na produkcija Odjela za harmoniku, orgulje i udaraljke na kojoj su se predstavili harmonika\u0161ki dio Odjela i to solisti, komorni sastav te Harmonika\u0161ki orkestar Glazbene \u0161kole u Vara\u017edinu. Tako\u0111er osim u\u010denika iz Glazbene \u0161kole u Vara\u017edinu, nastupali su i u\u010denici Podru\u010dnih odjela iz Lepoglave, Cestice i Vara\u017edinskih Toplica. U\u010denike [&hellip;]<\/p>\n","protected":false},"author":5,"featured_media":0,"comment_status":"closed","ping_status":"closed","sticky":false,"template":"","format":"standard","meta":{"footnotes":""},"categories":[1],"tags":[],"class_list":["post-37643","post","type-post","status-publish","format-standard","hentry","category-uncategorized"],"translation":{"provider":"WPGlobus","version":"3.0.0","language":"gb","enabled_languages":["hr","gb"],"languages":{"hr":{"title":true,"content":true,"excerpt":false},"gb":{"title":false,"content":false,"excerpt":false}}},"_links":{"self":[{"href":"https:\/\/glazbena.hr\/gb\/wp-json\/wp\/v2\/posts\/37643","targetHints":{"allow":["GET"]}}],"collection":[{"href":"https:\/\/glazbena.hr\/gb\/wp-json\/wp\/v2\/posts"}],"about":[{"href":"https:\/\/glazbena.hr\/gb\/wp-json\/wp\/v2\/types\/post"}],"author":[{"embeddable":true,"href":"https:\/\/glazbena.hr\/gb\/wp-json\/wp\/v2\/users\/5"}],"replies":[{"embeddable":true,"href":"https:\/\/glazbena.hr\/gb\/wp-json\/wp\/v2\/comments?post=37643"}],"version-history":[{"count":2,"href":"https:\/\/glazbena.hr\/gb\/wp-json\/wp\/v2\/posts\/37643\/revisions"}],"predecessor-version":[{"id":37649,"href":"https:\/\/glazbena.hr\/gb\/wp-json\/wp\/v2\/posts\/37643\/revisions\/37649"}],"wp:attachment":[{"href":"https:\/\/glazbena.hr\/gb\/wp-json\/wp\/v2\/media?parent=37643"}],"wp:term":[{"taxonomy":"category","embeddable":true,"href":"https:\/\/glazbena.hr\/gb\/wp-json\/wp\/v2\/categories?post=37643"},{"taxonomy":"post_tag","embeddable":true,"href":"https:\/\/glazbena.hr\/gb\/wp-json\/wp\/v2\/tags?post=37643"}],"curies":[{"name":"wp","href":"https:\/\/api.w.org\/{rel}","templated":true}]}}