{"id":37944,"date":"2025-02-02T20:00:14","date_gmt":"2025-02-02T19:00:14","guid":{"rendered":"https:\/\/glazbena.hr\/?p=37944"},"modified":"2025-02-02T20:00:14","modified_gmt":"2025-02-02T19:00:14","slug":"produkcija-odjela-za-klavir-5-veljace-2025","status":"publish","type":"post","link":"https:\/\/glazbena.hr\/gb\/produkcije\/produkcija-odjela-za-klavir-5-veljace-2025\/","title":{"rendered":"Produkcija Odjela za klavir, 5. velja\u010de 2025."},"content":{"rendered":"<p>Produkcija Odjela za klavir odr\u017eat \u0107e se u srijedu, 5. velja\u010de 2025. godine u Velikoj koncertnoj dvorani Glazbene \u0161kole u Vara\u017edinu s po\u010detkom u 18.00 sati.<\/p>\n<p><a href=\"https:\/\/glazbena.hr\/wp-content\/uploads\/2025\/02\/Produkcija-Odjela-za-klavir-5.-veljace-2025.pdf\" target=\"_blank\" rel=\"noopener\">Produkcija Odjela za klavir, 5. velja\u010de 2025.<\/a><\/p>\n","protected":false},"excerpt":{"rendered":"<p>Produkcija Odjela za klavir odr\u017eat \u0107e se u srijedu, 5. velja\u010de 2025. godine u Velikoj koncertnoj dvorani Glazbene \u0161kole u Vara\u017edinu s po\u010detkom u 18.00 sati. Produkcija Odjela za klavir, 5. velja\u010de 2025.<\/p>\n","protected":false},"author":5,"featured_media":0,"comment_status":"closed","ping_status":"closed","sticky":false,"template":"","format":"standard","meta":{"footnotes":""},"categories":[65],"tags":[],"class_list":["post-37944","post","type-post","status-publish","format-standard","hentry","category-produkcije"],"translation":{"provider":"WPGlobus","version":"3.0.0","language":"gb","enabled_languages":["hr","gb"],"languages":{"hr":{"title":true,"content":true,"excerpt":false},"gb":{"title":false,"content":false,"excerpt":false}}},"_links":{"self":[{"href":"https:\/\/glazbena.hr\/gb\/wp-json\/wp\/v2\/posts\/37944","targetHints":{"allow":["GET"]}}],"collection":[{"href":"https:\/\/glazbena.hr\/gb\/wp-json\/wp\/v2\/posts"}],"about":[{"href":"https:\/\/glazbena.hr\/gb\/wp-json\/wp\/v2\/types\/post"}],"author":[{"embeddable":true,"href":"https:\/\/glazbena.hr\/gb\/wp-json\/wp\/v2\/users\/5"}],"replies":[{"embeddable":true,"href":"https:\/\/glazbena.hr\/gb\/wp-json\/wp\/v2\/comments?post=37944"}],"version-history":[{"count":2,"href":"https:\/\/glazbena.hr\/gb\/wp-json\/wp\/v2\/posts\/37944\/revisions"}],"predecessor-version":[{"id":37947,"href":"https:\/\/glazbena.hr\/gb\/wp-json\/wp\/v2\/posts\/37944\/revisions\/37947"}],"wp:attachment":[{"href":"https:\/\/glazbena.hr\/gb\/wp-json\/wp\/v2\/media?parent=37944"}],"wp:term":[{"taxonomy":"category","embeddable":true,"href":"https:\/\/glazbena.hr\/gb\/wp-json\/wp\/v2\/categories?post=37944"},{"taxonomy":"post_tag","embeddable":true,"href":"https:\/\/glazbena.hr\/gb\/wp-json\/wp\/v2\/tags?post=37944"}],"curies":[{"name":"wp","href":"https:\/\/api.w.org\/{rel}","templated":true}]}}