{"id":37952,"date":"2025-01-31T20:06:33","date_gmt":"2025-01-31T19:06:33","guid":{"rendered":"https:\/\/glazbena.hr\/?p=37952"},"modified":"2025-02-02T20:08:49","modified_gmt":"2025-02-02T19:08:49","slug":"pozornica-i-ja-4-koncert-30-01-2025","status":"publish","type":"post","link":"https:\/\/glazbena.hr\/gb\/activity\/pozornica-i-ja-4-koncert-30-01-2025\/","title":{"rendered":"Pozornica i ja, 4. koncert 30.01.2025."},"content":{"rendered":"<p>U \u010detvrtak 30. sije\u010dnja s po\u010detkom u 18.30 sati, odr\u017ean je \u010detvrti koncert projekta \u201ePozornica i ja\u201c u \u0161kolskoj godini 2024.\/2025. Ovoga puta na koncertu su osim malih i velikih klavirista nastupili i violinisti te truba\u010di \u2013 tako su nam se na na\u0161oj Pozornici pridru\u017eile violinistice i njihova mentorica Vanja Somo\u0111i, prof. mentor te truba\u010di i njihovi mentori mr. art. Tomislav Ratkovi\u0107, prof. i Marko Prepreli\u0107, prof. mentor, a sve uz klavirsku suradnju profesorice Ane-Marije Kyun, univ. spec. mus. i profesora Marka Bi\u0161kupa, mag. mus.<br \/>\nTako\u0111er, ugostili smo i na\u0161e prijatelje iz PO Ivanca i njihovu mentoricu Miju Mihali\u0107, mag. mus., a kao gosti koncerta pridru\u017eili su nam se i u\u010denici iz Glazbene \u0161kole Zlatka Grgo\u0161evi\u0107a, podru\u010dni odjel Sv. Ivan Zelina i njihov mentor Ivan Bobi\u0107, mag. mus.<br \/>\n\u010cestitamo svima na vrlo raznolikom, zanimljivom i uspje\u0161nom koncertu i veselimo se sljede\u0107im dru\u017eenjima!<\/p>\n<p>Na koncertu su nastupili:<br \/>\nJakov Mija\u010d, Mala \u0161kola klavira<br \/>\nMarta \u0160pehar, 1.o., G\u0160 Zlatka Grgo\u0161evi\u0107a, PO Sv. Ivan Zelina<br \/>\nEmma Jambre\u0161i\u0107, 1.o., G\u0160 Zlatka Grgo\u0161evi\u0107a, PO Sv. Ivan Zelina<br \/>\nLeon Petri\u010dek, 1.o., G\u0160 Zlatka Grgo\u0161evi\u0107a, PO Sv. Ivan Zelina<br \/>\nMia Gelo, 1.o., G\u0160 Zlatka Grgo\u0161evi\u0107a, PO Sv. Ivan Zelina<br \/>\nLana Grugan, 1.o., G\u0160 Zlatka Grgo\u0161evi\u0107a, PO Sv. Ivan Zelina<br \/>\nKlara Mija\u010d, 1.o.<br \/>\nKaja Medenjak, 1.o., PO Ivanec<br \/>\nDina Vincek, 1.o.<br \/>\nMagdalena Vu\u010di\u0107, 1.o.<br \/>\nSara Pozder, 2.o.<br \/>\nDora \u0160incek, 2.o., PO Ivanec<br \/>\nElena Bo\u017ei\u0107, 2.o.<br \/>\nOzana Vusi\u0107, 2.o.<br \/>\nTadej Tkalec, 2.o.<br \/>\nAndrija Tre\u0161\u010dec, 3.o.<br \/>\nAurora \u017dab\u010di\u0107, 5.o.<br \/>\nMartin Posavi, 1.s.<br \/>\nMartin Domanovac, 2.s.<br \/>\nMarcel Dodlek, 2.s.<br \/>\nMilan O\u0161tri\u0107, 3.s.<br \/>\nLucija Turk, 3.s.<br \/>\nLina Gal Ge\u010dek, 4.s.<\/p>\n<p>U\u010denike su za koncert pripremili:<br \/>\nMia Mihali\u0107, mag. mus.<br \/>\nIvan Bobi\u0107, mag. mus., G\u0160 Zlatka Grgo\u0161evi\u0107a, PO Sv. Ivan Zelina<br \/>\nVanja Somo\u0111i, prof. mentor<br \/>\nHelena Herman, prof. mentor<br \/>\nLea \u0160antek, prof. savjetnik<br \/>\nmr. art. Tomislav Ratkovi\u0107, prof.<br \/>\nMarko Prepreli\u0107, prof. mentor<br \/>\nPredrag \u0160antek, prof. savjetnik<\/p>\n<p>Koncert pripremile i organizirale: Helena Herman, prof. mentor i Lea \u0160antek, prof. savjetnik.<\/p>\n<p><a href=\"https:\/\/glazbena.hr\/wp-content\/uploads\/2025\/02\/Cetvrti-koncert-30.01.2025.pdf\" target=\"_blank\" rel=\"noopener\">\u010cetvrti koncert, 30.01.2025.<\/a><\/p>\n<p>&nbsp;<\/p>\n","protected":false},"excerpt":{"rendered":"<p>U \u010detvrtak 30. sije\u010dnja s po\u010detkom u 18.30 sati, odr\u017ean je \u010detvrti koncert projekta \u201ePozornica i ja\u201c u \u0161kolskoj godini 2024.\/2025. Ovoga puta na koncertu su osim malih i velikih klavirista nastupili i violinisti te truba\u010di \u2013 tako su nam se na na\u0161oj Pozornici pridru\u017eile violinistice i njihova mentorica Vanja Somo\u0111i, prof. mentor te truba\u010di [&hellip;]<\/p>\n","protected":false},"author":5,"featured_media":0,"comment_status":"closed","ping_status":"closed","sticky":false,"template":"","format":"standard","meta":{"footnotes":""},"categories":[70],"tags":[],"class_list":["post-37952","post","type-post","status-publish","format-standard","hentry","category-aktivnosti"],"translation":{"provider":"WPGlobus","version":"3.0.0","language":"gb","enabled_languages":["hr","gb"],"languages":{"hr":{"title":true,"content":true,"excerpt":false},"gb":{"title":false,"content":false,"excerpt":false}}},"_links":{"self":[{"href":"https:\/\/glazbena.hr\/gb\/wp-json\/wp\/v2\/posts\/37952","targetHints":{"allow":["GET"]}}],"collection":[{"href":"https:\/\/glazbena.hr\/gb\/wp-json\/wp\/v2\/posts"}],"about":[{"href":"https:\/\/glazbena.hr\/gb\/wp-json\/wp\/v2\/types\/post"}],"author":[{"embeddable":true,"href":"https:\/\/glazbena.hr\/gb\/wp-json\/wp\/v2\/users\/5"}],"replies":[{"embeddable":true,"href":"https:\/\/glazbena.hr\/gb\/wp-json\/wp\/v2\/comments?post=37952"}],"version-history":[{"count":2,"href":"https:\/\/glazbena.hr\/gb\/wp-json\/wp\/v2\/posts\/37952\/revisions"}],"predecessor-version":[{"id":37955,"href":"https:\/\/glazbena.hr\/gb\/wp-json\/wp\/v2\/posts\/37952\/revisions\/37955"}],"wp:attachment":[{"href":"https:\/\/glazbena.hr\/gb\/wp-json\/wp\/v2\/media?parent=37952"}],"wp:term":[{"taxonomy":"category","embeddable":true,"href":"https:\/\/glazbena.hr\/gb\/wp-json\/wp\/v2\/categories?post=37952"},{"taxonomy":"post_tag","embeddable":true,"href":"https:\/\/glazbena.hr\/gb\/wp-json\/wp\/v2\/tags?post=37952"}],"curies":[{"name":"wp","href":"https:\/\/api.w.org\/{rel}","templated":true}]}}