{"id":38062,"date":"2025-02-16T20:27:00","date_gmt":"2025-02-16T19:27:00","guid":{"rendered":"https:\/\/glazbena.hr\/?p=38062"},"modified":"2025-02-16T20:27:00","modified_gmt":"2025-02-16T19:27:00","slug":"produkcija-odjela-za-klavir-20","status":"publish","type":"post","link":"https:\/\/glazbena.hr\/gb\/produkcije\/produkcija-odjela-za-klavir-20\/","title":{"rendered":"Produkcija Odjela za klavir"},"content":{"rendered":"<p>Produkcija Odjela za klavir odr\u017eat \u0107e se u \u010detvrtak, 20. velja\u010de 2025. godine u Velikoj koncertnoj dvorani s po\u010detkom u 16.30 sati.<\/p>\n<p><a href=\"https:\/\/glazbena.hr\/wp-content\/uploads\/2025\/02\/Produkcija-Odjela-za-klavir-20.-veljace-2025.pdf\">Produkcija Odjela za klavir, 20. velja\u010de 2025.<\/a><\/p>\n","protected":false},"excerpt":{"rendered":"<p>Produkcija Odjela za klavir odr\u017eat \u0107e se u \u010detvrtak, 20. velja\u010de 2025. godine u Velikoj koncertnoj dvorani s po\u010detkom u 16.30 sati. Produkcija Odjela za klavir, 20. velja\u010de 2025.<\/p>\n","protected":false},"author":5,"featured_media":0,"comment_status":"closed","ping_status":"closed","sticky":false,"template":"","format":"standard","meta":{"footnotes":""},"categories":[65],"tags":[],"class_list":["post-38062","post","type-post","status-publish","format-standard","hentry","category-produkcije"],"translation":{"provider":"WPGlobus","version":"3.0.0","language":"gb","enabled_languages":["hr","gb"],"languages":{"hr":{"title":true,"content":true,"excerpt":false},"gb":{"title":false,"content":false,"excerpt":false}}},"_links":{"self":[{"href":"https:\/\/glazbena.hr\/gb\/wp-json\/wp\/v2\/posts\/38062","targetHints":{"allow":["GET"]}}],"collection":[{"href":"https:\/\/glazbena.hr\/gb\/wp-json\/wp\/v2\/posts"}],"about":[{"href":"https:\/\/glazbena.hr\/gb\/wp-json\/wp\/v2\/types\/post"}],"author":[{"embeddable":true,"href":"https:\/\/glazbena.hr\/gb\/wp-json\/wp\/v2\/users\/5"}],"replies":[{"embeddable":true,"href":"https:\/\/glazbena.hr\/gb\/wp-json\/wp\/v2\/comments?post=38062"}],"version-history":[{"count":2,"href":"https:\/\/glazbena.hr\/gb\/wp-json\/wp\/v2\/posts\/38062\/revisions"}],"predecessor-version":[{"id":38079,"href":"https:\/\/glazbena.hr\/gb\/wp-json\/wp\/v2\/posts\/38062\/revisions\/38079"}],"wp:attachment":[{"href":"https:\/\/glazbena.hr\/gb\/wp-json\/wp\/v2\/media?parent=38062"}],"wp:term":[{"taxonomy":"category","embeddable":true,"href":"https:\/\/glazbena.hr\/gb\/wp-json\/wp\/v2\/categories?post=38062"},{"taxonomy":"post_tag","embeddable":true,"href":"https:\/\/glazbena.hr\/gb\/wp-json\/wp\/v2\/tags?post=38062"}],"curies":[{"name":"wp","href":"https:\/\/api.w.org\/{rel}","templated":true}]}}