{"id":3810,"date":"2019-05-09T14:35:54","date_gmt":"2019-05-09T12:35:54","guid":{"rendered":"https:\/\/glazbena.hr\/?p=3810"},"modified":"2019-05-10T12:19:57","modified_gmt":"2019-05-10T10:19:57","slug":"gostovanje-puhackog-orkestra-glazbenog-ucilista-elly-basic","status":"publish","type":"post","link":"https:\/\/glazbena.hr\/gb\/events\/gostovanje-puhackog-orkestra-glazbenog-ucilista-elly-basic\/","title":{"rendered":"Gostovanje puha\u010dkog orkestra Glazbenog u\u010dili\u0161ta Elly Ba\u0161i\u0107"},"content":{"rendered":"<p>U petak, 10 svibnja 2019. godine s po\u010detkom u 18:00 sati zajedni\u010dki \u0107e koncert odr\u017eati Puha\u010dki orkestar Glazbenog u\u010dili\u0161ta Elly Ba\u0161i\u0107 i Puha\u010dki orkestar Glazbene \u0161kole u Vara\u017edinu.<\/p>\n<p>Koncert \u0107e se odr\u017eati u Velikoj koncertnoj dvorani, a ulaz je slobodan.<\/p>\n<p><a href=\"https:\/\/glazbena.hr\/wp-content\/uploads\/2019\/05\/Gostovanje-GU-Elly-Ba\u0161i\u0107-_page-0001.jpg\"><img loading=\"lazy\" decoding=\"async\" class=\"alignnone wp-image-3811 size-medium\" src=\"https:\/\/glazbena.hr\/wp-content\/uploads\/2019\/05\/Gostovanje-GU-Elly-Ba\u0161i\u0107-_page-0001-212x300.jpg\" alt=\"\" width=\"212\" height=\"300\" srcset=\"https:\/\/glazbena.hr\/wp-content\/uploads\/2019\/05\/Gostovanje-GU-Elly-Ba\u0161i\u0107-_page-0001-212x300.jpg 212w, https:\/\/glazbena.hr\/wp-content\/uploads\/2019\/05\/Gostovanje-GU-Elly-Ba\u0161i\u0107-_page-0001-768x1085.jpg 768w, https:\/\/glazbena.hr\/wp-content\/uploads\/2019\/05\/Gostovanje-GU-Elly-Ba\u0161i\u0107-_page-0001-725x1024.jpg 725w, https:\/\/glazbena.hr\/wp-content\/uploads\/2019\/05\/Gostovanje-GU-Elly-Ba\u0161i\u0107-_page-0001.jpg 1241w\" sizes=\"auto, (max-width: 212px) 100vw, 212px\" \/><\/a><a href=\"https:\/\/glazbena.hr\/wp-content\/uploads\/2019\/05\/Elly-Ba\u0161i\u0107-program-10.05_page-0001-1.jpg\"><img loading=\"lazy\" decoding=\"async\" class=\"alignnone wp-image-3819 size-medium\" src=\"https:\/\/glazbena.hr\/wp-content\/uploads\/2019\/05\/Elly-Ba\u0161i\u0107-program-10.05_page-0001-1-212x300.jpg\" alt=\"\" width=\"212\" height=\"300\" srcset=\"https:\/\/glazbena.hr\/wp-content\/uploads\/2019\/05\/Elly-Ba\u0161i\u0107-program-10.05_page-0001-1-212x300.jpg 212w, https:\/\/glazbena.hr\/wp-content\/uploads\/2019\/05\/Elly-Ba\u0161i\u0107-program-10.05_page-0001-1-768x1085.jpg 768w, https:\/\/glazbena.hr\/wp-content\/uploads\/2019\/05\/Elly-Ba\u0161i\u0107-program-10.05_page-0001-1-725x1024.jpg 725w, https:\/\/glazbena.hr\/wp-content\/uploads\/2019\/05\/Elly-Ba\u0161i\u0107-program-10.05_page-0001-1.jpg 1241w\" sizes=\"auto, (max-width: 212px) 100vw, 212px\" \/><\/a><\/p>\n","protected":false},"excerpt":{"rendered":"<p>U petak, 10 svibnja 2019. godine s po\u010detkom u 18:00 sati zajedni\u010dki \u0107e koncert odr\u017eati Puha\u010dki orkestar Glazbenog u\u010dili\u0161ta Elly Ba\u0161i\u0107 i Puha\u010dki orkestar Glazbene \u0161kole u Vara\u017edinu. Koncert \u0107e se odr\u017eati u Velikoj koncertnoj dvorani, a ulaz je slobodan.<\/p>\n","protected":false},"author":5,"featured_media":0,"comment_status":"closed","ping_status":"closed","sticky":false,"template":"","format":"standard","meta":{"footnotes":""},"categories":[64],"tags":[],"class_list":["post-3810","post","type-post","status-publish","format-standard","hentry","category-najava-dogadanja"],"translation":{"provider":"WPGlobus","version":"3.0.0","language":"gb","enabled_languages":["hr","gb"],"languages":{"hr":{"title":true,"content":true,"excerpt":false},"gb":{"title":false,"content":false,"excerpt":false}}},"_links":{"self":[{"href":"https:\/\/glazbena.hr\/gb\/wp-json\/wp\/v2\/posts\/3810","targetHints":{"allow":["GET"]}}],"collection":[{"href":"https:\/\/glazbena.hr\/gb\/wp-json\/wp\/v2\/posts"}],"about":[{"href":"https:\/\/glazbena.hr\/gb\/wp-json\/wp\/v2\/types\/post"}],"author":[{"embeddable":true,"href":"https:\/\/glazbena.hr\/gb\/wp-json\/wp\/v2\/users\/5"}],"replies":[{"embeddable":true,"href":"https:\/\/glazbena.hr\/gb\/wp-json\/wp\/v2\/comments?post=3810"}],"version-history":[{"count":0,"href":"https:\/\/glazbena.hr\/gb\/wp-json\/wp\/v2\/posts\/3810\/revisions"}],"wp:attachment":[{"href":"https:\/\/glazbena.hr\/gb\/wp-json\/wp\/v2\/media?parent=3810"}],"wp:term":[{"taxonomy":"category","embeddable":true,"href":"https:\/\/glazbena.hr\/gb\/wp-json\/wp\/v2\/categories?post=3810"},{"taxonomy":"post_tag","embeddable":true,"href":"https:\/\/glazbena.hr\/gb\/wp-json\/wp\/v2\/tags?post=3810"}],"curies":[{"name":"wp","href":"https:\/\/api.w.org\/{rel}","templated":true}]}}