{"id":38132,"date":"2025-03-02T11:34:54","date_gmt":"2025-03-02T10:34:54","guid":{"rendered":"https:\/\/glazbena.hr\/?p=38132"},"modified":"2025-03-02T11:34:54","modified_gmt":"2025-03-02T10:34:54","slug":"produkcija-odjela-za-klavir-6-ozujka-2025","status":"publish","type":"post","link":"https:\/\/glazbena.hr\/gb\/produkcije\/produkcija-odjela-za-klavir-6-ozujka-2025\/","title":{"rendered":"Produkcija Odjela za klavir &#8211; 6. o\u017eujka 2025."},"content":{"rendered":"<p>Produkcija Odjela za klavir odr\u017eat \u0107e se u \u010detvrtak, 6. o\u017eujka 2025. godine u Velikoj koncertnoj dvorani Glazbene \u0161kole u Vara\u017edinu s po\u010detkom u 18.00 sati.<\/p>\n<p><a href=\"https:\/\/glazbena.hr\/wp-content\/uploads\/2025\/03\/Produkcija-Odjela-za-klavir-6.-ozujka-2025.pdf\" target=\"_blank\" rel=\"noopener\">Produkcija Odjela za klavir, 6. o\u017eujka 2025.<\/a><\/p>\n","protected":false},"excerpt":{"rendered":"<p>Produkcija Odjela za klavir odr\u017eat \u0107e se u \u010detvrtak, 6. o\u017eujka 2025. godine u Velikoj koncertnoj dvorani Glazbene \u0161kole u Vara\u017edinu s po\u010detkom u 18.00 sati. Produkcija Odjela za klavir, 6. o\u017eujka 2025.<\/p>\n","protected":false},"author":5,"featured_media":0,"comment_status":"closed","ping_status":"closed","sticky":false,"template":"","format":"standard","meta":{"footnotes":""},"categories":[65],"tags":[],"class_list":["post-38132","post","type-post","status-publish","format-standard","hentry","category-produkcije"],"translation":{"provider":"WPGlobus","version":"3.0.0","language":"gb","enabled_languages":["hr","gb"],"languages":{"hr":{"title":true,"content":true,"excerpt":false},"gb":{"title":false,"content":false,"excerpt":false}}},"_links":{"self":[{"href":"https:\/\/glazbena.hr\/gb\/wp-json\/wp\/v2\/posts\/38132","targetHints":{"allow":["GET"]}}],"collection":[{"href":"https:\/\/glazbena.hr\/gb\/wp-json\/wp\/v2\/posts"}],"about":[{"href":"https:\/\/glazbena.hr\/gb\/wp-json\/wp\/v2\/types\/post"}],"author":[{"embeddable":true,"href":"https:\/\/glazbena.hr\/gb\/wp-json\/wp\/v2\/users\/5"}],"replies":[{"embeddable":true,"href":"https:\/\/glazbena.hr\/gb\/wp-json\/wp\/v2\/comments?post=38132"}],"version-history":[{"count":2,"href":"https:\/\/glazbena.hr\/gb\/wp-json\/wp\/v2\/posts\/38132\/revisions"}],"predecessor-version":[{"id":38144,"href":"https:\/\/glazbena.hr\/gb\/wp-json\/wp\/v2\/posts\/38132\/revisions\/38144"}],"wp:attachment":[{"href":"https:\/\/glazbena.hr\/gb\/wp-json\/wp\/v2\/media?parent=38132"}],"wp:term":[{"taxonomy":"category","embeddable":true,"href":"https:\/\/glazbena.hr\/gb\/wp-json\/wp\/v2\/categories?post=38132"},{"taxonomy":"post_tag","embeddable":true,"href":"https:\/\/glazbena.hr\/gb\/wp-json\/wp\/v2\/tags?post=38132"}],"curies":[{"name":"wp","href":"https:\/\/api.w.org\/{rel}","templated":true}]}}