{"id":38175,"date":"2025-03-07T17:51:39","date_gmt":"2025-03-07T16:51:39","guid":{"rendered":"https:\/\/glazbena.hr\/?p=38175"},"modified":"2025-03-08T11:16:51","modified_gmt":"2025-03-08T10:16:51","slug":"novi-instrumenti-za-male-glazbenike","status":"publish","type":"post","link":"https:\/\/glazbena.hr\/gb\/upshift\/novi-instrumenti-za-male-glazbenike\/","title":{"rendered":"Novi instrumenti za male glazbenike!"},"content":{"rendered":"<p>Glazbena \u0161kola u Vara\u017edinu obogatila je svoj instrumentarij! Dana 7. velja\u010de stigli su nam 1\/4 violon\u010delo i 1\/4 violina (koja \u0107e malo glumiti violu), a 13. velja\u010de pridru\u017eila im se i 11\u201d viola.<\/p>\n<p>Ovi instrumenti omogu\u0107it \u0107e na\u0161im najmla\u0111im glazbenicima, pred\u0161kolcima, prve korake u svijetu guda\u010da kroz projekt Instrumentarij Glazbene \u0161kole u Vara\u017edinu. Tako\u0111er, predstavljaju va\u017ean korak prema pokretanju novih pred\u0161kolskih programa \u2013 Male \u0161kole viole i Male \u0161kole violon\u010dela, koji kre\u0107u od \u0161kolske godine 2025.\/2026.<\/p>\n<p>Radujemo se novim glazbenim avanturama! #glazbenazasve #uglazbise<\/p>\n<p><img loading=\"lazy\" decoding=\"async\" class=\"alignnone size-medium wp-image-38176\" src=\"https:\/\/glazbena.hr\/wp-content\/uploads\/2025\/03\/IMG-4f9ca78a55fa09275f85270249b03b89-V-300x225.jpg\" alt=\"\" width=\"300\" height=\"225\" srcset=\"https:\/\/glazbena.hr\/wp-content\/uploads\/2025\/03\/IMG-4f9ca78a55fa09275f85270249b03b89-V-300x225.jpg 300w, https:\/\/glazbena.hr\/wp-content\/uploads\/2025\/03\/IMG-4f9ca78a55fa09275f85270249b03b89-V-1024x768.jpg 1024w, https:\/\/glazbena.hr\/wp-content\/uploads\/2025\/03\/IMG-4f9ca78a55fa09275f85270249b03b89-V-768x576.jpg 768w, https:\/\/glazbena.hr\/wp-content\/uploads\/2025\/03\/IMG-4f9ca78a55fa09275f85270249b03b89-V-1536x1152.jpg 1536w, https:\/\/glazbena.hr\/wp-content\/uploads\/2025\/03\/IMG-4f9ca78a55fa09275f85270249b03b89-V.jpg 1600w\" sizes=\"auto, (max-width: 300px) 100vw, 300px\" \/> <img loading=\"lazy\" decoding=\"async\" class=\"alignnone size-medium wp-image-38177\" src=\"https:\/\/glazbena.hr\/wp-content\/uploads\/2025\/03\/IMG-4345447a68001f3a329aa27848359973-V-225x300.jpg\" alt=\"\" width=\"225\" height=\"300\" srcset=\"https:\/\/glazbena.hr\/wp-content\/uploads\/2025\/03\/IMG-4345447a68001f3a329aa27848359973-V-225x300.jpg 225w, https:\/\/glazbena.hr\/wp-content\/uploads\/2025\/03\/IMG-4345447a68001f3a329aa27848359973-V-768x1024.jpg 768w, https:\/\/glazbena.hr\/wp-content\/uploads\/2025\/03\/IMG-4345447a68001f3a329aa27848359973-V-1152x1536.jpg 1152w, https:\/\/glazbena.hr\/wp-content\/uploads\/2025\/03\/IMG-4345447a68001f3a329aa27848359973-V.jpg 1200w\" sizes=\"auto, (max-width: 225px) 100vw, 225px\" \/><\/p>\n","protected":false},"excerpt":{"rendered":"<p>Glazbena \u0161kola u Vara\u017edinu obogatila je svoj instrumentarij! Dana 7. velja\u010de stigli su nam 1\/4 violon\u010delo i 1\/4 violina (koja \u0107e malo glumiti violu), a 13. velja\u010de pridru\u017eila im se i 11\u201d viola. Ovi instrumenti omogu\u0107it \u0107e na\u0161im najmla\u0111im glazbenicima, pred\u0161kolcima, prve korake u svijetu guda\u010da kroz projekt Instrumentarij Glazbene \u0161kole u Vara\u017edinu. Tako\u0111er, predstavljaju [&hellip;]<\/p>\n","protected":false},"author":5,"featured_media":0,"comment_status":"closed","ping_status":"closed","sticky":false,"template":"","format":"standard","meta":{"footnotes":""},"categories":[446],"tags":[],"class_list":["post-38175","post","type-post","status-publish","format-standard","hentry","category-upshift"],"translation":{"provider":"WPGlobus","version":"3.0.0","language":"gb","enabled_languages":["hr","gb"],"languages":{"hr":{"title":true,"content":true,"excerpt":false},"gb":{"title":false,"content":false,"excerpt":false}}},"_links":{"self":[{"href":"https:\/\/glazbena.hr\/gb\/wp-json\/wp\/v2\/posts\/38175","targetHints":{"allow":["GET"]}}],"collection":[{"href":"https:\/\/glazbena.hr\/gb\/wp-json\/wp\/v2\/posts"}],"about":[{"href":"https:\/\/glazbena.hr\/gb\/wp-json\/wp\/v2\/types\/post"}],"author":[{"embeddable":true,"href":"https:\/\/glazbena.hr\/gb\/wp-json\/wp\/v2\/users\/5"}],"replies":[{"embeddable":true,"href":"https:\/\/glazbena.hr\/gb\/wp-json\/wp\/v2\/comments?post=38175"}],"version-history":[{"count":2,"href":"https:\/\/glazbena.hr\/gb\/wp-json\/wp\/v2\/posts\/38175\/revisions"}],"predecessor-version":[{"id":38181,"href":"https:\/\/glazbena.hr\/gb\/wp-json\/wp\/v2\/posts\/38175\/revisions\/38181"}],"wp:attachment":[{"href":"https:\/\/glazbena.hr\/gb\/wp-json\/wp\/v2\/media?parent=38175"}],"wp:term":[{"taxonomy":"category","embeddable":true,"href":"https:\/\/glazbena.hr\/gb\/wp-json\/wp\/v2\/categories?post=38175"},{"taxonomy":"post_tag","embeddable":true,"href":"https:\/\/glazbena.hr\/gb\/wp-json\/wp\/v2\/tags?post=38175"}],"curies":[{"name":"wp","href":"https:\/\/api.w.org\/{rel}","templated":true}]}}