{"id":38201,"date":"2025-03-10T14:10:02","date_gmt":"2025-03-10T13:10:02","guid":{"rendered":"https:\/\/glazbena.hr\/?p=38201"},"modified":"2025-03-10T14:10:02","modified_gmt":"2025-03-10T13:10:02","slug":"produkcija-odjela-za-harmoniku-orgulje-i-udaraljke-23","status":"publish","type":"post","link":"https:\/\/glazbena.hr\/gb\/produkcije\/produkcija-odjela-za-harmoniku-orgulje-i-udaraljke-23\/","title":{"rendered":"Produkcija Odjela za harmoniku, orgulje i udaraljke"},"content":{"rendered":"<p>Produkcija Odjela za harmoniku, orgulje i udaraljke odr\u017eat \u0107e se u ponedjeljak, 10. o\u017eujka 2025 godine u Velikoj koncertnoj dvorani Glazbene \u0161kole u Vara\u017edinu s po\u010detkom u 18.00 sati.<\/p>\n<p><a href=\"https:\/\/glazbena.hr\/wp-content\/uploads\/2025\/03\/PRODUKCIJA-ODJELA-ZA-HOiU-10-3-2025.pdf\" target=\"_blank\" rel=\"noopener\">Produkcija Odjela za harmoniku, orgulje i udaraljke -10.3.2025<\/a><\/p>\n","protected":false},"excerpt":{"rendered":"<p>Produkcija Odjela za harmoniku, orgulje i udaraljke odr\u017eat \u0107e se u ponedjeljak, 10. o\u017eujka 2025 godine u Velikoj koncertnoj dvorani Glazbene \u0161kole u Vara\u017edinu s po\u010detkom u 18.00 sati. Produkcija Odjela za harmoniku, orgulje i udaraljke -10.3.2025<\/p>\n","protected":false},"author":5,"featured_media":0,"comment_status":"closed","ping_status":"closed","sticky":false,"template":"","format":"standard","meta":{"footnotes":""},"categories":[65],"tags":[],"class_list":["post-38201","post","type-post","status-publish","format-standard","hentry","category-produkcije"],"translation":{"provider":"WPGlobus","version":"3.0.0","language":"gb","enabled_languages":["hr","gb"],"languages":{"hr":{"title":true,"content":true,"excerpt":false},"gb":{"title":false,"content":false,"excerpt":false}}},"_links":{"self":[{"href":"https:\/\/glazbena.hr\/gb\/wp-json\/wp\/v2\/posts\/38201","targetHints":{"allow":["GET"]}}],"collection":[{"href":"https:\/\/glazbena.hr\/gb\/wp-json\/wp\/v2\/posts"}],"about":[{"href":"https:\/\/glazbena.hr\/gb\/wp-json\/wp\/v2\/types\/post"}],"author":[{"embeddable":true,"href":"https:\/\/glazbena.hr\/gb\/wp-json\/wp\/v2\/users\/5"}],"replies":[{"embeddable":true,"href":"https:\/\/glazbena.hr\/gb\/wp-json\/wp\/v2\/comments?post=38201"}],"version-history":[{"count":2,"href":"https:\/\/glazbena.hr\/gb\/wp-json\/wp\/v2\/posts\/38201\/revisions"}],"predecessor-version":[{"id":38204,"href":"https:\/\/glazbena.hr\/gb\/wp-json\/wp\/v2\/posts\/38201\/revisions\/38204"}],"wp:attachment":[{"href":"https:\/\/glazbena.hr\/gb\/wp-json\/wp\/v2\/media?parent=38201"}],"wp:term":[{"taxonomy":"category","embeddable":true,"href":"https:\/\/glazbena.hr\/gb\/wp-json\/wp\/v2\/categories?post=38201"},{"taxonomy":"post_tag","embeddable":true,"href":"https:\/\/glazbena.hr\/gb\/wp-json\/wp\/v2\/tags?post=38201"}],"curies":[{"name":"wp","href":"https:\/\/api.w.org\/{rel}","templated":true}]}}