{"id":38268,"date":"2025-03-01T11:34:29","date_gmt":"2025-03-01T10:34:29","guid":{"rendered":"https:\/\/glazbena.hr\/?p=38268"},"modified":"2025-03-16T11:40:26","modified_gmt":"2025-03-16T10:40:26","slug":"medunarodno-natjecanje-puhaca-varazdin-woodwind-brass-2025","status":"publish","type":"post","link":"https:\/\/glazbena.hr\/gb\/events\/medunarodno-natjecanje-puhaca-varazdin-woodwind-brass-2025\/","title":{"rendered":"Me\u0111unarodno natjecanje puha\u010da Vara\u017edin Woodwind &#038; Brass 2025."},"content":{"rendered":"<p>Me\u0111unarodno natjecanje puha\u010da Vara\u017edin Woodwind &amp; Brass i Vara\u017edin Woodwind &amp; Bras Grand Prix zapo\u010delo je u Glazbenoj \u0161koli u Vara\u017edinu 2015. godine zajedno sa me\u0111unarodnim natjecanjem pijanista Memorijal Jurica Murai i Murai Grand Prix. Natjecanja \u0160kole predana su razvoju umjetni\u010dkog djelovanja mladih nadarenih glazbenika, me\u0111unarodne kulturne suradnje i razmjeni iskustava, te turisti\u010dkoj promociji Vara\u017edina, Vara\u017edinske \u017eupanije i sjeverozapadne Hrvatske.<br \/>\n550 kandidata iz 12 zemalja i 136 glazbenih \u0161kola \/ akademija, 22 eminentna \u010dlana \u017eirija. Vjerujemo kako su ovi podaci dostatno jamstvo me\u0111unarodnog puha\u010dkog natjecanja koje se u Glazbenoj \u0161koli Vara\u017edinu ove godine odr\u017eava po 7. puta. U sljede\u0107ih 10 dana Glazbenom \u0161kolom u Vara\u017edinu odzvanjati \u0107e zvukovi najboljih mladih truba\u010da, flautista, tubista, klarinetista, oboista, hornista, trombonista, fagotista, saksofonista i svira\u010da eufonija koji \u0107e se od 19. do 28. o\u017eujka natjecati u Glazbenoj \u0161koli u Vara\u017edinu.<br \/>\nGlazbena \u0161kola u Vara\u017edinu osnovala je ovo natjecanje sa ciljem razvoja umjetni\u010dkog talenta u\u010denika, mladih profesionalnih glazbenika, kako bi doprinijela promoviranju puha\u010dke glazbe, razvoju umjetni\u010dkog djelovanja mladih nadarenih glazbenika, me\u0111unarodne kulturne suradnje i razmjeni iskustava, te turisti\u010dkoj promociji Vara\u017edina. Iznimno velik broj kandidata svake godine samo je dodatna potvrda presti\u017ea ovog natjecanja koje mladim i talentiranim puha\u010dima mo\u017ee poslu\u017eiti kao \u201eodsko\u010dna daska\u201cu daljnjoj karijeri. Stalni porast broja sudionika i zemalja potvr\u0111uje va\u017enost i me\u0111unarodni status Natjecanja. Natjecatelji iz Velike Britanije, Italije, \u0160panjolske, Ma\u0111arske, Njema\u010dke, Austrije, Poljske, Turske, \u010ce\u0161ke, Slova\u010dke, Srbije, Bosne i Hercegovine, Slovenije i Hrvatske samo su neki od sudionika koji su do sada sudjelovali na natjecanju.<br \/>\nOve godine imamo \u010dast da \u0107emo u \u017eiriju natjecanja ugostiti istaknute glazbenike puha\u010de i pedagoge, me\u0111u kojima mo\u017eemo istaknuti Andreia Kavalinskog iz Belgije, Beatriz Mac\u00edas iz Sjedinjenih Ameri\u010dkih Dr\u017eava, Mateja Zupana iz Slovenije, Mihaela Paara iz Hrvatske, Ognjena Popovi\u0107 iz Srbije, Jo\u017ee Kotara iz Slovenije, Alexa Ponsa iz \u0160panjolske, Andreja Karbu iz Slovenije, Francisa Mageea iz Irske i mnoge drugi. Natjecanje se odr\u017eava pod pokroviteljstvom osniva\u010da Glazbene \u0161kole u Vara\u017edinu, Vara\u017edinske \u017eupanije, Grada Vara\u017edina, Buffet Crampona i ostalih zna\u010dajnih partnera Glazbene \u0161kole u Vara\u017edinu.<br \/>\nZavr\u0161nim koncertom i sve\u010danom dodjelom nagrada u 19.00 sati 28. o\u017eujka zavr\u0161it \u0107e 7. me\u0111unarodno natjecanje puha\u010da Vara\u017edin Woodwind &amp; Brass i Woodwind &amp; Brass Grand Prix. Na zavr\u0161nom koncertu i sve\u010danoj dodjeli nagrada publika \u0107e jo\u0161 jednom dobiti priliku \u010duti najbolju glazbu drvenih i limenih puha\u010da prema ocjenama me\u0111unarodnog \u017eirija.<\/p>\n<p><img loading=\"lazy\" decoding=\"async\" class=\"alignnone wp-image-38270 size-large\" src=\"https:\/\/glazbena.hr\/wp-content\/uploads\/2025\/03\/WB-2025-plakat-B2-731x1024.jpg\" alt=\"\" width=\"731\" height=\"1024\" srcset=\"https:\/\/glazbena.hr\/wp-content\/uploads\/2025\/03\/WB-2025-plakat-B2-731x1024.jpg 731w, https:\/\/glazbena.hr\/wp-content\/uploads\/2025\/03\/WB-2025-plakat-B2-214x300.jpg 214w, https:\/\/glazbena.hr\/wp-content\/uploads\/2025\/03\/WB-2025-plakat-B2-768x1075.jpg 768w, https:\/\/glazbena.hr\/wp-content\/uploads\/2025\/03\/WB-2025-plakat-B2-1097x1536.jpg 1097w, https:\/\/glazbena.hr\/wp-content\/uploads\/2025\/03\/WB-2025-plakat-B2-1463x2048.jpg 1463w, https:\/\/glazbena.hr\/wp-content\/uploads\/2025\/03\/WB-2025-plakat-B2-scaled.jpg 1829w\" sizes=\"auto, (max-width: 731px) 100vw, 731px\" \/><\/p>\n","protected":false},"excerpt":{"rendered":"<p>Me\u0111unarodno natjecanje puha\u010da Vara\u017edin Woodwind &amp; Brass i Vara\u017edin Woodwind &amp; Bras Grand Prix zapo\u010delo je u Glazbenoj \u0161koli u Vara\u017edinu 2015. godine zajedno sa me\u0111unarodnim natjecanjem pijanista Memorijal Jurica Murai i Murai Grand Prix. Natjecanja \u0160kole predana su razvoju umjetni\u010dkog djelovanja mladih nadarenih glazbenika, me\u0111unarodne kulturne suradnje i razmjeni iskustava, te turisti\u010dkoj promociji Vara\u017edina, [&hellip;]<\/p>\n","protected":false},"author":5,"featured_media":0,"comment_status":"closed","ping_status":"closed","sticky":false,"template":"","format":"standard","meta":{"footnotes":""},"categories":[64],"tags":[],"class_list":["post-38268","post","type-post","status-publish","format-standard","hentry","category-najava-dogadanja"],"translation":{"provider":"WPGlobus","version":"3.0.0","language":"gb","enabled_languages":["hr","gb"],"languages":{"hr":{"title":true,"content":true,"excerpt":false},"gb":{"title":false,"content":false,"excerpt":false}}},"_links":{"self":[{"href":"https:\/\/glazbena.hr\/gb\/wp-json\/wp\/v2\/posts\/38268","targetHints":{"allow":["GET"]}}],"collection":[{"href":"https:\/\/glazbena.hr\/gb\/wp-json\/wp\/v2\/posts"}],"about":[{"href":"https:\/\/glazbena.hr\/gb\/wp-json\/wp\/v2\/types\/post"}],"author":[{"embeddable":true,"href":"https:\/\/glazbena.hr\/gb\/wp-json\/wp\/v2\/users\/5"}],"replies":[{"embeddable":true,"href":"https:\/\/glazbena.hr\/gb\/wp-json\/wp\/v2\/comments?post=38268"}],"version-history":[{"count":2,"href":"https:\/\/glazbena.hr\/gb\/wp-json\/wp\/v2\/posts\/38268\/revisions"}],"predecessor-version":[{"id":38272,"href":"https:\/\/glazbena.hr\/gb\/wp-json\/wp\/v2\/posts\/38268\/revisions\/38272"}],"wp:attachment":[{"href":"https:\/\/glazbena.hr\/gb\/wp-json\/wp\/v2\/media?parent=38268"}],"wp:term":[{"taxonomy":"category","embeddable":true,"href":"https:\/\/glazbena.hr\/gb\/wp-json\/wp\/v2\/categories?post=38268"},{"taxonomy":"post_tag","embeddable":true,"href":"https:\/\/glazbena.hr\/gb\/wp-json\/wp\/v2\/tags?post=38268"}],"curies":[{"name":"wp","href":"https:\/\/api.w.org\/{rel}","templated":true}]}}