{"id":38407,"date":"2025-04-08T13:21:25","date_gmt":"2025-04-08T12:21:25","guid":{"rendered":"https:\/\/glazbena.hr\/?p=38407"},"modified":"2025-04-10T13:26:58","modified_gmt":"2025-04-10T12:26:58","slug":"produkcije-odjela-za-klavir-28","status":"publish","type":"post","link":"https:\/\/glazbena.hr\/gb\/produkcije\/produkcije-odjela-za-klavir-28\/","title":{"rendered":"Produkcije Odjela za klavir"},"content":{"rendered":"<p>Produkcije Odjela za klavir odr\u017eat \u0107e se u \u010detvrtak, 10. travnja 2025. godine u Velikoj koncertnoj dvorani Glazbene \u0161kole u Vara\u017edinu s po\u010detkom u 16.00, 17.30 i 19.00 sati.<\/p>\n<p><a href=\"https:\/\/glazbena.hr\/wp-content\/uploads\/2025\/04\/Produkcija-Odjela-za-klavir-10.-travnja-2025.-16-sati.pdf\" target=\"_blank\" rel=\"noopener\">Produkcija Odjela za klavir, 10. travnja 2025., 16 sati<\/a><\/p>\n<p><a href=\"https:\/\/glazbena.hr\/wp-content\/uploads\/2025\/04\/Produkcija-Odjela-za-klavir-10.-travnja-17.30-sati.pdf\" target=\"_blank\" rel=\"noopener\">Produkcija Odjela za klavir, 10. travnja, 17.30 sati<\/a><\/p>\n<p><a href=\"https:\/\/glazbena.hr\/wp-content\/uploads\/2025\/04\/Produkcija-Odjela-za-klavir-10.-travnja-19-sati.pdf\" target=\"_blank\" rel=\"noopener\">Produkcija Odjela za klavir, 10. travnja, 19 sati<\/a><\/p>\n","protected":false},"excerpt":{"rendered":"<p>Produkcije Odjela za klavir odr\u017eat \u0107e se u \u010detvrtak, 10. travnja 2025. godine u Velikoj koncertnoj dvorani Glazbene \u0161kole u Vara\u017edinu s po\u010detkom u 16.00, 17.30 i 19.00 sati. Produkcija Odjela za klavir, 10. travnja 2025., 16 sati Produkcija Odjela za klavir, 10. travnja, 17.30 sati Produkcija Odjela za klavir, 10. travnja, 19 sati<\/p>\n","protected":false},"author":5,"featured_media":0,"comment_status":"closed","ping_status":"closed","sticky":false,"template":"","format":"standard","meta":{"footnotes":""},"categories":[65],"tags":[],"class_list":["post-38407","post","type-post","status-publish","format-standard","hentry","category-produkcije"],"translation":{"provider":"WPGlobus","version":"3.0.0","language":"gb","enabled_languages":["hr","gb"],"languages":{"hr":{"title":true,"content":true,"excerpt":false},"gb":{"title":false,"content":false,"excerpt":false}}},"_links":{"self":[{"href":"https:\/\/glazbena.hr\/gb\/wp-json\/wp\/v2\/posts\/38407","targetHints":{"allow":["GET"]}}],"collection":[{"href":"https:\/\/glazbena.hr\/gb\/wp-json\/wp\/v2\/posts"}],"about":[{"href":"https:\/\/glazbena.hr\/gb\/wp-json\/wp\/v2\/types\/post"}],"author":[{"embeddable":true,"href":"https:\/\/glazbena.hr\/gb\/wp-json\/wp\/v2\/users\/5"}],"replies":[{"embeddable":true,"href":"https:\/\/glazbena.hr\/gb\/wp-json\/wp\/v2\/comments?post=38407"}],"version-history":[{"count":3,"href":"https:\/\/glazbena.hr\/gb\/wp-json\/wp\/v2\/posts\/38407\/revisions"}],"predecessor-version":[{"id":38412,"href":"https:\/\/glazbena.hr\/gb\/wp-json\/wp\/v2\/posts\/38407\/revisions\/38412"}],"wp:attachment":[{"href":"https:\/\/glazbena.hr\/gb\/wp-json\/wp\/v2\/media?parent=38407"}],"wp:term":[{"taxonomy":"category","embeddable":true,"href":"https:\/\/glazbena.hr\/gb\/wp-json\/wp\/v2\/categories?post=38407"},{"taxonomy":"post_tag","embeddable":true,"href":"https:\/\/glazbena.hr\/gb\/wp-json\/wp\/v2\/tags?post=38407"}],"curies":[{"name":"wp","href":"https:\/\/api.w.org\/{rel}","templated":true}]}}