{"id":38434,"date":"2025-04-13T10:52:17","date_gmt":"2025-04-13T09:52:17","guid":{"rendered":"https:\/\/glazbena.hr\/?p=38434"},"modified":"2025-04-13T10:52:17","modified_gmt":"2025-04-13T09:52:17","slug":"koncert-duo-hegedus-marijanovic","status":"publish","type":"post","link":"https:\/\/glazbena.hr\/gb\/events\/koncert-duo-hegedus-marijanovic\/","title":{"rendered":"Koncert Duo Hegedu\u0161 &#038; Marijanovi\u0107"},"content":{"rendered":"<p>U utorak, 15. travnja Glazbena \u0161kola u Vara\u017edinu ugostit \u0107e Duo Hegedu\u0161 &amp; Marijanovi\u0107 koji \u010dine Kristina Hegedu\u0161 (klavir) i Martin Marijanovi\u0107 (bra\u010d). Kristina Hegedu\u0161 (klavir) i Martin Marijanovi\u0107 (tambura) diplomirani su glazbenici koji zajedni\u010dki djeluju od 2021. godine, a zbog zanimljivog spoja tambure i klavira daju potpuno nov i svje\u017e zvuk. Kompozicije koje sviraju uglavnom su klasi\u010dnog i suvremenog \u017eanra. Osim u komornom sastavu, sviraju i solisti\u010dki te posti\u017eu odli\u010dne rezultate i osvajaju brojne nagrade na dr\u017eavnim i me\u0111unarodnim natjecanjima. Me\u0111u zapa\u017eenijim nastupima svakako treba spomenuti sudjelovanje na 11. Ciklusu mladih glazbenika mo. Vinko Lesi\u0107 u Splitu, koji predstavlja mlade uspje\u0161ne glazbenike iz cijele Hrvatske. Tako\u0111er, u svojim recitalima \u010desto imaju prilike praizvesti nova djela, pa su tako praizveli i djela mladih skladatelja \u0160imuna \u010carlija Botice, Tihomira Ranogajca i Matka Brekala.<\/p>\n<p>Koncert \u0107e se odr\u017eati u Maloj koncertnoj dvorani s po\u010detkom u 18.30 sati. Ulaz na koncert je slobodan.<\/p>\n<p>&nbsp;<\/p>\n<p>&nbsp;<\/p>\n<p><img loading=\"lazy\" decoding=\"async\" class=\"alignnone size-medium wp-image-38435\" src=\"https:\/\/glazbena.hr\/wp-content\/uploads\/2025\/04\/Plakat-HM-Varazdin_250409_124854-1_page-0001-213x300.jpg\" alt=\"\" width=\"213\" height=\"300\" srcset=\"https:\/\/glazbena.hr\/wp-content\/uploads\/2025\/04\/Plakat-HM-Varazdin_250409_124854-1_page-0001-213x300.jpg 213w, https:\/\/glazbena.hr\/wp-content\/uploads\/2025\/04\/Plakat-HM-Varazdin_250409_124854-1_page-0001-726x1024.jpg 726w, https:\/\/glazbena.hr\/wp-content\/uploads\/2025\/04\/Plakat-HM-Varazdin_250409_124854-1_page-0001-768x1083.jpg 768w, https:\/\/glazbena.hr\/wp-content\/uploads\/2025\/04\/Plakat-HM-Varazdin_250409_124854-1_page-0001-1090x1536.jpg 1090w, https:\/\/glazbena.hr\/wp-content\/uploads\/2025\/04\/Plakat-HM-Varazdin_250409_124854-1_page-0001-1453x2048.jpg 1453w, https:\/\/glazbena.hr\/wp-content\/uploads\/2025\/04\/Plakat-HM-Varazdin_250409_124854-1_page-0001.jpg 1775w\" sizes=\"auto, (max-width: 213px) 100vw, 213px\" \/><\/p>\n","protected":false},"excerpt":{"rendered":"<p>U utorak, 15. travnja Glazbena \u0161kola u Vara\u017edinu ugostit \u0107e Duo Hegedu\u0161 &amp; Marijanovi\u0107 koji \u010dine Kristina Hegedu\u0161 (klavir) i Martin Marijanovi\u0107 (bra\u010d). Kristina Hegedu\u0161 (klavir) i Martin Marijanovi\u0107 (tambura) diplomirani su glazbenici koji zajedni\u010dki djeluju od 2021. godine, a zbog zanimljivog spoja tambure i klavira daju potpuno nov i svje\u017e zvuk. Kompozicije koje sviraju [&hellip;]<\/p>\n","protected":false},"author":5,"featured_media":0,"comment_status":"closed","ping_status":"closed","sticky":false,"template":"","format":"standard","meta":{"footnotes":""},"categories":[64],"tags":[],"class_list":["post-38434","post","type-post","status-publish","format-standard","hentry","category-najava-dogadanja"],"translation":{"provider":"WPGlobus","version":"3.0.0","language":"gb","enabled_languages":["hr","gb"],"languages":{"hr":{"title":true,"content":true,"excerpt":false},"gb":{"title":false,"content":false,"excerpt":false}}},"_links":{"self":[{"href":"https:\/\/glazbena.hr\/gb\/wp-json\/wp\/v2\/posts\/38434","targetHints":{"allow":["GET"]}}],"collection":[{"href":"https:\/\/glazbena.hr\/gb\/wp-json\/wp\/v2\/posts"}],"about":[{"href":"https:\/\/glazbena.hr\/gb\/wp-json\/wp\/v2\/types\/post"}],"author":[{"embeddable":true,"href":"https:\/\/glazbena.hr\/gb\/wp-json\/wp\/v2\/users\/5"}],"replies":[{"embeddable":true,"href":"https:\/\/glazbena.hr\/gb\/wp-json\/wp\/v2\/comments?post=38434"}],"version-history":[{"count":2,"href":"https:\/\/glazbena.hr\/gb\/wp-json\/wp\/v2\/posts\/38434\/revisions"}],"predecessor-version":[{"id":38437,"href":"https:\/\/glazbena.hr\/gb\/wp-json\/wp\/v2\/posts\/38434\/revisions\/38437"}],"wp:attachment":[{"href":"https:\/\/glazbena.hr\/gb\/wp-json\/wp\/v2\/media?parent=38434"}],"wp:term":[{"taxonomy":"category","embeddable":true,"href":"https:\/\/glazbena.hr\/gb\/wp-json\/wp\/v2\/categories?post=38434"},{"taxonomy":"post_tag","embeddable":true,"href":"https:\/\/glazbena.hr\/gb\/wp-json\/wp\/v2\/tags?post=38434"}],"curies":[{"name":"wp","href":"https:\/\/api.w.org\/{rel}","templated":true}]}}