{"id":3853,"date":"2019-05-12T20:32:10","date_gmt":"2019-05-12T18:32:10","guid":{"rendered":"https:\/\/glazbena.hr\/?p=3853"},"modified":"2019-05-12T20:37:30","modified_gmt":"2019-05-12T18:37:30","slug":"gostovanje-glazbene-skole-ferdo-livadic-iz-samobora","status":"publish","type":"post","link":"https:\/\/glazbena.hr\/gb\/events\/gostovanje-glazbene-skole-ferdo-livadic-iz-samobora\/","title":{"rendered":"Gostovanje Glazbene \u0161kole Ferdo Livadi\u0107 iz Samobora"},"content":{"rendered":"<p>U utorak, 14. svibnja 2019. Glazbena \u0161kola u Vara\u017edinu ugostit \u0107e u\u010denike i profesore Glazbene \u0161kole Ferdo Livadi\u0107 iz Samobora. Zajedni\u010dkim \u0107e se koncertom publici predstaviti Guda\u010dki orkestar Glazbene \u0161kole u Vara\u017edinu pod dirigentskom palicom nastavnice Dade Ru\u017ea, prof. dok \u0107e Starijim guda\u010dkim i Mje\u0161ovitim orkestrom Glazbene \u0161kole Ferdo Livadi\u0107 ravnati nastavnik Adam Vidovi\u0107, prof. ali i u\u010denici Karla Krstini\u0107, 3.s. i Fran \u0160tengl, 4. s.<\/p>\n<p>Koncert po\u010dinje u 19:00 sati u Velikoj koncertnoj dvorani Glazbene \u0161kole u Vara\u017edinu. Na programu \u0107e se izme\u0111u ostalog na\u0107i djela A. Vivaldija, C. Gardela, S. Joplina, J. S. Bacha, L. Sorko\u010devi\u0107a, W. A. Mozarta, O. Riedinga i drugih. Ulaz je slobodan.<\/p>\n<p><a href=\"https:\/\/glazbena.hr\/wp-content\/uploads\/2019\/05\/Program-koncerta-14.05.2019_page-0001.jpg\"><img loading=\"lazy\" decoding=\"async\" class=\"aligncenter wp-image-3854 size-large\" src=\"https:\/\/glazbena.hr\/wp-content\/uploads\/2019\/05\/Program-koncerta-14.05.2019_page-0001-725x1024.jpg\" alt=\"\" width=\"725\" height=\"1024\" srcset=\"https:\/\/glazbena.hr\/wp-content\/uploads\/2019\/05\/Program-koncerta-14.05.2019_page-0001-725x1024.jpg 725w, https:\/\/glazbena.hr\/wp-content\/uploads\/2019\/05\/Program-koncerta-14.05.2019_page-0001-212x300.jpg 212w, https:\/\/glazbena.hr\/wp-content\/uploads\/2019\/05\/Program-koncerta-14.05.2019_page-0001-768x1085.jpg 768w, https:\/\/glazbena.hr\/wp-content\/uploads\/2019\/05\/Program-koncerta-14.05.2019_page-0001.jpg 1241w\" sizes=\"auto, (max-width: 725px) 100vw, 725px\" \/><\/a><\/p>\n","protected":false},"excerpt":{"rendered":"<p>U utorak, 14. svibnja 2019. Glazbena \u0161kola u Vara\u017edinu ugostit \u0107e u\u010denike i profesore Glazbene \u0161kole Ferdo Livadi\u0107 iz Samobora. Zajedni\u010dkim \u0107e se koncertom publici predstaviti Guda\u010dki orkestar Glazbene \u0161kole u Vara\u017edinu pod dirigentskom palicom nastavnice Dade Ru\u017ea, prof. dok \u0107e Starijim guda\u010dkim i Mje\u0161ovitim orkestrom Glazbene \u0161kole Ferdo Livadi\u0107 ravnati nastavnik Adam Vidovi\u0107, prof. [&hellip;]<\/p>\n","protected":false},"author":5,"featured_media":0,"comment_status":"closed","ping_status":"closed","sticky":false,"template":"","format":"standard","meta":{"footnotes":""},"categories":[64],"tags":[],"class_list":["post-3853","post","type-post","status-publish","format-standard","hentry","category-najava-dogadanja"],"translation":{"provider":"WPGlobus","version":"3.0.0","language":"gb","enabled_languages":["hr","gb"],"languages":{"hr":{"title":true,"content":true,"excerpt":false},"gb":{"title":false,"content":false,"excerpt":false}}},"_links":{"self":[{"href":"https:\/\/glazbena.hr\/gb\/wp-json\/wp\/v2\/posts\/3853","targetHints":{"allow":["GET"]}}],"collection":[{"href":"https:\/\/glazbena.hr\/gb\/wp-json\/wp\/v2\/posts"}],"about":[{"href":"https:\/\/glazbena.hr\/gb\/wp-json\/wp\/v2\/types\/post"}],"author":[{"embeddable":true,"href":"https:\/\/glazbena.hr\/gb\/wp-json\/wp\/v2\/users\/5"}],"replies":[{"embeddable":true,"href":"https:\/\/glazbena.hr\/gb\/wp-json\/wp\/v2\/comments?post=3853"}],"version-history":[{"count":0,"href":"https:\/\/glazbena.hr\/gb\/wp-json\/wp\/v2\/posts\/3853\/revisions"}],"wp:attachment":[{"href":"https:\/\/glazbena.hr\/gb\/wp-json\/wp\/v2\/media?parent=3853"}],"wp:term":[{"taxonomy":"category","embeddable":true,"href":"https:\/\/glazbena.hr\/gb\/wp-json\/wp\/v2\/categories?post=3853"},{"taxonomy":"post_tag","embeddable":true,"href":"https:\/\/glazbena.hr\/gb\/wp-json\/wp\/v2\/tags?post=3853"}],"curies":[{"name":"wp","href":"https:\/\/api.w.org\/{rel}","templated":true}]}}