{"id":38563,"date":"2025-04-28T11:02:42","date_gmt":"2025-04-28T10:02:42","guid":{"rendered":"https:\/\/glazbena.hr\/?p=38563"},"modified":"2025-04-28T11:02:42","modified_gmt":"2025-04-28T10:02:42","slug":"upshift-glazbena-za-sve-dv-panda","status":"publish","type":"post","link":"https:\/\/glazbena.hr\/gb\/upshift\/upshift-glazbena-za-sve-dv-panda\/","title":{"rendered":"UPSHIFT \u201cGlazbena za sve\u201d &#8211; DV Panda"},"content":{"rendered":"<p>Dana 25. o\u017eujka 2025. na\u0161 UPSHIFT tim projekta \u201eGlazbena za sve\u201c zajedno s u\u010denicima Glazbene \u0161kole u Vara\u017edinu posjetio je Dje\u010dji vrti\u0107 Panda.<\/p>\n<p>Tijekom sat vremena, pred\u0161kolci su kroz edukativni mini koncert solista i komornih sastava upoznali razne instrumente: violinu, violon\u010delo, trombon i klavir, ali i pravila lijepog pona\u0161anja na koncertu \u2013 kada se slu\u0161a u ti\u0161ini, kada plje\u0161\u0107e, a kada vikne bravo.<\/p>\n<p>Nastupili su u\u010denici:<\/p>\n<p>\u2022 Sofija Maksimovi\u0107, polaznica Male \u0161kole violine i DV Panda<\/p>\n<p>\u2022 Vid Lazar, 1.o., koji je u svom biv\u0161em vrti\u0107u svirao i klavir i violinu<\/p>\n<p>\u2022 Vita Murat, 1.s., klavir<\/p>\n<p>\u2022 Karla \u010cesi, 1.s., klavir<\/p>\n<p>\u2022 Patricija Percl, 3.s., trombon<\/p>\n<p>\u2022 Paula Jovan, 3.s., violina<\/p>\n<p>\u2022 Paula Malba\u0161i\u0107, 3.s., violon\u010delo<\/p>\n<p>\u2022 Lucija Turk, 3.s., klavir<\/p>\n<p>Uz podr\u0161ku i vodstvo nastavnika:<\/p>\n<p>\u2022 Lidija Bobi\u0107, prof. mentor<\/p>\n<p>\u2022 Petar Prepeli\u0107, prof. savjetnik<\/p>\n<p>\u2022 Zoran Resnik, mag. mus.<\/p>\n<p>\u2022 Lea \u0160antek, prof. savjetnik<\/p>\n<p>\u2022 David Vukovi\u0107, mag. mus.<\/p>\n<p>Glazba je ispunila prostor vrti\u0107a, a djeca su s odu\u0161evljenjem slu\u0161ala i sudjelovala. Na kraju programa, u \u010darobnom obratu, pred\u0161kolci su od publike postali izvo\u0111a\u010di \u2013 svi su zajedno zapjevali poznatu dje\u010dju pjesmicu \u201eVisibaba mala\u201c.<\/p>\n<p>Projekt \u201eGlazbena za sve\u201c je poziv da zajedno oslu\u0161kujemo ritam zajedni\u0161tva, otvorimo vrata glazbenom svijetu koji doti\u010de srca i otkriva ljepotu stvaranja koju s ljubavlju njegujemo u na\u0161oj \u0161koli.<\/p>\n<p>Projekt podr\u017eavaju:<\/p>\n<p>UPSHIFT \u2013 UNICEF \u2013 Vara\u017edinska \u017eupanija<\/p>\n<p>Glazbena \u0161kola u Vara\u017edinu<\/p>\n<p>Dje\u010dji vrti\u0107 Panda<\/p>\n<p>Glazbena za sve<\/p>\n<p>#uglazbise<\/p>\n<p><img loading=\"lazy\" decoding=\"async\" class=\"alignnone size-medium wp-image-38564\" src=\"https:\/\/glazbena.hr\/wp-content\/uploads\/2025\/04\/20250420_104426413_iOS-300x225.jpeg\" alt=\"\" width=\"300\" height=\"225\" srcset=\"https:\/\/glazbena.hr\/wp-content\/uploads\/2025\/04\/20250420_104426413_iOS-300x225.jpeg 300w, https:\/\/glazbena.hr\/wp-content\/uploads\/2025\/04\/20250420_104426413_iOS-1024x768.jpeg 1024w, https:\/\/glazbena.hr\/wp-content\/uploads\/2025\/04\/20250420_104426413_iOS-768x576.jpeg 768w, https:\/\/glazbena.hr\/wp-content\/uploads\/2025\/04\/20250420_104426413_iOS-1536x1152.jpeg 1536w, https:\/\/glazbena.hr\/wp-content\/uploads\/2025\/04\/20250420_104426413_iOS-2048x1536.jpeg 2048w\" sizes=\"auto, (max-width: 300px) 100vw, 300px\" \/> <img loading=\"lazy\" decoding=\"async\" class=\"alignnone size-medium wp-image-38565\" src=\"https:\/\/glazbena.hr\/wp-content\/uploads\/2025\/04\/20250420_104356989_iOS-300x225.jpeg\" alt=\"\" width=\"300\" height=\"225\" srcset=\"https:\/\/glazbena.hr\/wp-content\/uploads\/2025\/04\/20250420_104356989_iOS-300x225.jpeg 300w, https:\/\/glazbena.hr\/wp-content\/uploads\/2025\/04\/20250420_104356989_iOS-1024x768.jpeg 1024w, https:\/\/glazbena.hr\/wp-content\/uploads\/2025\/04\/20250420_104356989_iOS-768x576.jpeg 768w, https:\/\/glazbena.hr\/wp-content\/uploads\/2025\/04\/20250420_104356989_iOS-1536x1152.jpeg 1536w, https:\/\/glazbena.hr\/wp-content\/uploads\/2025\/04\/20250420_104356989_iOS-2048x1536.jpeg 2048w\" sizes=\"auto, (max-width: 300px) 100vw, 300px\" \/> <img loading=\"lazy\" decoding=\"async\" class=\"alignnone size-medium wp-image-38566\" src=\"https:\/\/glazbena.hr\/wp-content\/uploads\/2025\/04\/20250420_104323104_iOS-300x225.jpeg\" alt=\"\" width=\"300\" height=\"225\" srcset=\"https:\/\/glazbena.hr\/wp-content\/uploads\/2025\/04\/20250420_104323104_iOS-300x225.jpeg 300w, https:\/\/glazbena.hr\/wp-content\/uploads\/2025\/04\/20250420_104323104_iOS-1024x768.jpeg 1024w, https:\/\/glazbena.hr\/wp-content\/uploads\/2025\/04\/20250420_104323104_iOS-768x576.jpeg 768w, https:\/\/glazbena.hr\/wp-content\/uploads\/2025\/04\/20250420_104323104_iOS-1536x1152.jpeg 1536w, https:\/\/glazbena.hr\/wp-content\/uploads\/2025\/04\/20250420_104323104_iOS-2048x1536.jpeg 2048w\" sizes=\"auto, (max-width: 300px) 100vw, 300px\" \/><\/p>\n<p><img loading=\"lazy\" decoding=\"async\" class=\"alignnone size-medium wp-image-38567\" src=\"https:\/\/glazbena.hr\/wp-content\/uploads\/2025\/04\/20250420_104254298_iOS-300x225.jpeg\" alt=\"\" width=\"300\" height=\"225\" srcset=\"https:\/\/glazbena.hr\/wp-content\/uploads\/2025\/04\/20250420_104254298_iOS-300x225.jpeg 300w, https:\/\/glazbena.hr\/wp-content\/uploads\/2025\/04\/20250420_104254298_iOS-1024x768.jpeg 1024w, https:\/\/glazbena.hr\/wp-content\/uploads\/2025\/04\/20250420_104254298_iOS-768x576.jpeg 768w, https:\/\/glazbena.hr\/wp-content\/uploads\/2025\/04\/20250420_104254298_iOS-1536x1152.jpeg 1536w, https:\/\/glazbena.hr\/wp-content\/uploads\/2025\/04\/20250420_104254298_iOS-2048x1536.jpeg 2048w\" sizes=\"auto, (max-width: 300px) 100vw, 300px\" \/><\/p>\n","protected":false},"excerpt":{"rendered":"<p>Dana 25. o\u017eujka 2025. na\u0161 UPSHIFT tim projekta \u201eGlazbena za sve\u201c zajedno s u\u010denicima Glazbene \u0161kole u Vara\u017edinu posjetio je Dje\u010dji vrti\u0107 Panda. Tijekom sat vremena, pred\u0161kolci su kroz edukativni mini koncert solista i komornih sastava upoznali razne instrumente: violinu, violon\u010delo, trombon i klavir, ali i pravila lijepog pona\u0161anja na koncertu \u2013 kada se slu\u0161a [&hellip;]<\/p>\n","protected":false},"author":5,"featured_media":0,"comment_status":"closed","ping_status":"closed","sticky":false,"template":"","format":"standard","meta":{"footnotes":""},"categories":[446],"tags":[],"class_list":["post-38563","post","type-post","status-publish","format-standard","hentry","category-upshift"],"translation":{"provider":"WPGlobus","version":"3.0.0","language":"gb","enabled_languages":["hr","gb"],"languages":{"hr":{"title":true,"content":true,"excerpt":false},"gb":{"title":false,"content":false,"excerpt":false}}},"_links":{"self":[{"href":"https:\/\/glazbena.hr\/gb\/wp-json\/wp\/v2\/posts\/38563","targetHints":{"allow":["GET"]}}],"collection":[{"href":"https:\/\/glazbena.hr\/gb\/wp-json\/wp\/v2\/posts"}],"about":[{"href":"https:\/\/glazbena.hr\/gb\/wp-json\/wp\/v2\/types\/post"}],"author":[{"embeddable":true,"href":"https:\/\/glazbena.hr\/gb\/wp-json\/wp\/v2\/users\/5"}],"replies":[{"embeddable":true,"href":"https:\/\/glazbena.hr\/gb\/wp-json\/wp\/v2\/comments?post=38563"}],"version-history":[{"count":2,"href":"https:\/\/glazbena.hr\/gb\/wp-json\/wp\/v2\/posts\/38563\/revisions"}],"predecessor-version":[{"id":38569,"href":"https:\/\/glazbena.hr\/gb\/wp-json\/wp\/v2\/posts\/38563\/revisions\/38569"}],"wp:attachment":[{"href":"https:\/\/glazbena.hr\/gb\/wp-json\/wp\/v2\/media?parent=38563"}],"wp:term":[{"taxonomy":"category","embeddable":true,"href":"https:\/\/glazbena.hr\/gb\/wp-json\/wp\/v2\/categories?post=38563"},{"taxonomy":"post_tag","embeddable":true,"href":"https:\/\/glazbena.hr\/gb\/wp-json\/wp\/v2\/tags?post=38563"}],"curies":[{"name":"wp","href":"https:\/\/api.w.org\/{rel}","templated":true}]}}